{"id":3378,"date":"2019-10-31T16:11:44","date_gmt":"2019-10-31T16:11:44","guid":{"rendered":"https:\/\/www.ff-ab.se\/choose-the-right-curtains-for-the-windows-in-your-home\/"},"modified":"2023-06-29T13:13:54","modified_gmt":"2023-06-29T13:13:54","slug":"choose-the-right-curtains-for-the-windows-in-your-home","status":"publish","type":"post","link":"https:\/\/www.ff-ab.se\/en\/choose-the-right-curtains-for-the-windows-in-your-home\/","title":{"rendered":"Choose the right curtains for the windows in your home"},"content":{"rendered":"<div class=\"gb-grid-wrapper gb-grid-wrapper-c44d758f\">\n<div class=\"gb-grid-column gb-grid-column-d974698e\"><div class=\"gb-container gb-container-d974698e\"><div class=\"gb-inside-container\">\n\n<p><em>We think curtains can enhance the look of an entire room. Not least because it&#8217;s cozy and comforting, but also because it&#8217;s a nice interior detail and, in practical terms, dampens light and reduces visibility. Choosing the right curtains for your windows may not seem like the easiest thing to do, but it should be done with care to enhance your home. We will give you some tips.<\/em><\/p>\n\n\n\n<p><strong>For those who have a centered window<\/strong><br\/>If your window is placed in the middle of the wall, you should allow the bar or rail to extend well beyond both sides of the window. This way, you can let the curtains cover the wall on the side of the window when you don&#8217;t have the curtains closed.<\/p>\n\n\n\n<p><strong>For those with double windows<\/strong><br\/>Let the curtains surround your windows. Here, every wall surface can be adorned with a curtain, or even two. Double lengths of curtains between two windows give a rich feel even when you&#8217;re blacking out.<\/p>\n\n\n\n<p><strong>For those who have a window on an asymmetrical wall<\/strong><br\/>Do you have different amounts of walls on either side of your window? Here you should be careful to hang curtains in the same way as for a centered window. It is easy for one side to be perceived as dominant or even overpowering. Instead, let the curtain only adorn the wider part of the wall. Go for a curtain wide enough to cover both the wall section and the window when it&#8217;s time to close &#8211; it creates a great wow effect.<\/p>\n\n\n\n<p><strong>For those with floor-to-ceiling windows<\/strong><br\/>Large windows mean lots of light but less privacy. Here, we think that slatted blinds are a stylish and practical choice for shielding from view but still allowing daylight to seep in.<\/p>\n\n\n\n<p><strong>3 tips from us<\/strong><\/p>\n\n\n\n<ul class=\"wp-block-list\"><li>Lift the ceiling by hanging the curtains high up. We think a rail gives the best results!<\/li><li>Remember to always allow the curtain rod or rail to extend well beyond both sides of the window (or side if you have an asymmetrical wall) to maximize the amount of light when the room is not dark.<\/li><li>To create a rich yet tidy impression, we recommend that the curtain is twice as wide as the window, ending just on the floor. Not shorter, and not longer.<\/li><\/ul>\n\n<\/div><\/div><\/div>\n<\/div>","protected":false},"excerpt":{"rendered":"<p>Give your windows a boost! We help you choose the right curtains.<\/p>\n","protected":false},"author":5,"featured_media":3197,"comment_status":"closed","ping_status":"open","sticky":false,"template":"","format":"standard","meta":{"_uag_custom_page_level_css":"","footnotes":""},"categories":[47,32],"tags":[],"class_list":["post-3378","post","type-post","status-publish","format-standard","has-post-thumbnail","hentry","category-inspiration-en","category-okategoriserad"],"featured_image_src":"https:\/\/www.ff-ab.se\/wp-content\/uploads\/2022\/03\/FFAB_Va\u0308lj-ra\u0308tt-gardiner_okt196-768x600-1.jpg","author_info":{"display_name":"Stefan Larsson","author_link":"https:\/\/www.ff-ab.se\/en\/author\/andrew\/"},"yoast_head":"<!-- This site is optimized with the Yoast SEO plugin v26.8 - https:\/\/yoast.com\/product\/yoast-seo-wordpress\/ -->\n<title>Choose the right curtains for the windows in your home - FFAB<\/title>\n<meta name=\"description\" content=\"Choosing the right curtains for your windows may not seem like the easiest thing to do, but it should be done with care.\" \/>\n<meta name=\"robots\" content=\"index, follow, max-snippet:-1, max-image-preview:large, max-video-preview:-1\" \/>\n<link rel=\"canonical\" href=\"https:\/\/www.ff-ab.se\/en\/choose-the-right-curtains-for-the-windows-in-your-home\/\" \/>\n<meta property=\"og:locale\" content=\"en_US\" \/>\n<meta property=\"og:type\" content=\"article\" \/>\n<meta property=\"og:title\" content=\"Choose the right curtains for the windows in your home - FFAB\" \/>\n<meta property=\"og:description\" content=\"Choosing the right curtains for your windows may not seem like the easiest thing to do, but it should be done with care.\" \/>\n<meta property=\"og:url\" content=\"https:\/\/www.ff-ab.se\/en\/choose-the-right-curtains-for-the-windows-in-your-home\/\" \/>\n<meta property=\"og:site_name\" content=\"FFAB\" \/>\n<meta property=\"article:published_time\" content=\"2019-10-31T16:11:44+00:00\" \/>\n<meta property=\"article:modified_time\" content=\"2023-06-29T13:13:54+00:00\" \/>\n<meta property=\"og:image\" content=\"https:\/\/www.ff-ab.se\/wp-content\/uploads\/2022\/03\/FFAB_Va\u0308lj-ra\u0308tt-gardiner_okt196-768x600-1.jpg\" \/>\n\t<meta property=\"og:image:width\" content=\"768\" \/>\n\t<meta property=\"og:image:height\" content=\"600\" \/>\n\t<meta property=\"og:image:type\" content=\"image\/jpeg\" \/>\n<meta name=\"author\" content=\"Stefan Larsson\" \/>\n<meta name=\"twitter:card\" content=\"summary_large_image\" \/>\n<meta name=\"twitter:label1\" content=\"Written by\" \/>\n\t<meta name=\"twitter:data1\" content=\"Stefan Larsson\" \/>\n\t<meta name=\"twitter:label2\" content=\"Est. reading time\" \/>\n\t<meta name=\"twitter:data2\" content=\"2 minutes\" \/>\n<script type=\"application\/ld+json\" class=\"yoast-schema-graph\">{\"@context\":\"https:\/\/schema.org\",\"@graph\":[{\"@type\":\"Article\",\"@id\":\"https:\/\/www.ff-ab.se\/en\/choose-the-right-curtains-for-the-windows-in-your-home\/#article\",\"isPartOf\":{\"@id\":\"https:\/\/www.ff-ab.se\/en\/choose-the-right-curtains-for-the-windows-in-your-home\/\"},\"author\":{\"name\":\"Stefan Larsson\",\"@id\":\"https:\/\/www.ff-ab.se\/en\/#\/schema\/person\/b6b3ffb60639376dfd7ec9499c4003e0\"},\"headline\":\"Choose the right curtains for the windows in your home\",\"datePublished\":\"2019-10-31T16:11:44+00:00\",\"dateModified\":\"2023-06-29T13:13:54+00:00\",\"mainEntityOfPage\":{\"@id\":\"https:\/\/www.ff-ab.se\/en\/choose-the-right-curtains-for-the-windows-in-your-home\/\"},\"wordCount\":392,\"publisher\":{\"@id\":\"https:\/\/www.ff-ab.se\/en\/#organization\"},\"image\":{\"@id\":\"https:\/\/www.ff-ab.se\/en\/choose-the-right-curtains-for-the-windows-in-your-home\/#primaryimage\"},\"thumbnailUrl\":\"https:\/\/www.ff-ab.se\/wp-content\/uploads\/2022\/03\/FFAB_Va\u0308lj-ra\u0308tt-gardiner_okt196-768x600-1.jpg\",\"articleSection\":[\"Inspiration\",\"Okategoriserad\"],\"inLanguage\":\"en-US\"},{\"@type\":\"WebPage\",\"@id\":\"https:\/\/www.ff-ab.se\/en\/choose-the-right-curtains-for-the-windows-in-your-home\/\",\"url\":\"https:\/\/www.ff-ab.se\/en\/choose-the-right-curtains-for-the-windows-in-your-home\/\",\"name\":\"Choose the right curtains for the windows in your home - FFAB\",\"isPartOf\":{\"@id\":\"https:\/\/www.ff-ab.se\/en\/#website\"},\"primaryImageOfPage\":{\"@id\":\"https:\/\/www.ff-ab.se\/en\/choose-the-right-curtains-for-the-windows-in-your-home\/#primaryimage\"},\"image\":{\"@id\":\"https:\/\/www.ff-ab.se\/en\/choose-the-right-curtains-for-the-windows-in-your-home\/#primaryimage\"},\"thumbnailUrl\":\"https:\/\/www.ff-ab.se\/wp-content\/uploads\/2022\/03\/FFAB_Va\u0308lj-ra\u0308tt-gardiner_okt196-768x600-1.jpg\",\"datePublished\":\"2019-10-31T16:11:44+00:00\",\"dateModified\":\"2023-06-29T13:13:54+00:00\",\"description\":\"Choosing the right curtains for your windows may not seem like the easiest thing to do, but it should be done with care.\",\"breadcrumb\":{\"@id\":\"https:\/\/www.ff-ab.se\/en\/choose-the-right-curtains-for-the-windows-in-your-home\/#breadcrumb\"},\"inLanguage\":\"en-US\",\"potentialAction\":[{\"@type\":\"ReadAction\",\"target\":[\"https:\/\/www.ff-ab.se\/en\/choose-the-right-curtains-for-the-windows-in-your-home\/\"]}]},{\"@type\":\"ImageObject\",\"inLanguage\":\"en-US\",\"@id\":\"https:\/\/www.ff-ab.se\/en\/choose-the-right-curtains-for-the-windows-in-your-home\/#primaryimage\",\"url\":\"https:\/\/www.ff-ab.se\/wp-content\/uploads\/2022\/03\/FFAB_Va\u0308lj-ra\u0308tt-gardiner_okt196-768x600-1.jpg\",\"contentUrl\":\"https:\/\/www.ff-ab.se\/wp-content\/uploads\/2022\/03\/FFAB_Va\u0308lj-ra\u0308tt-gardiner_okt196-768x600-1.jpg\",\"width\":768,\"height\":600},{\"@type\":\"BreadcrumbList\",\"@id\":\"https:\/\/www.ff-ab.se\/en\/choose-the-right-curtains-for-the-windows-in-your-home\/#breadcrumb\",\"itemListElement\":[{\"@type\":\"ListItem\",\"position\":1,\"name\":\"Home\",\"item\":\"https:\/\/www.ff-ab.se\/en\/\"},{\"@type\":\"ListItem\",\"position\":2,\"name\":\"Choose the right curtains for the windows in your home\"}]},{\"@type\":\"WebSite\",\"@id\":\"https:\/\/www.ff-ab.se\/en\/#website\",\"url\":\"https:\/\/www.ff-ab.se\/en\/\",\"name\":\"FFAB\",\"description\":\"VI SKAPAR ATTRAKTIVA BOST\u00c4DER OCH SAMH\u00c4LLSFASTIGHETER MED FOKUS P\u00c5 FUNKTIONALITET, DESIGN OCH KVALITET.\",\"publisher\":{\"@id\":\"https:\/\/www.ff-ab.se\/en\/#organization\"},\"potentialAction\":[{\"@type\":\"SearchAction\",\"target\":{\"@type\":\"EntryPoint\",\"urlTemplate\":\"https:\/\/www.ff-ab.se\/en\/?s={search_term_string}\"},\"query-input\":{\"@type\":\"PropertyValueSpecification\",\"valueRequired\":true,\"valueName\":\"search_term_string\"}}],\"inLanguage\":\"en-US\"},{\"@type\":\"Organization\",\"@id\":\"https:\/\/www.ff-ab.se\/en\/#organization\",\"name\":\"FFAB\",\"url\":\"https:\/\/www.ff-ab.se\/en\/\",\"logo\":{\"@type\":\"ImageObject\",\"inLanguage\":\"en-US\",\"@id\":\"https:\/\/www.ff-ab.se\/en\/#\/schema\/logo\/image\/\",\"url\":\"https:\/\/www.ff-ab.se\/wp-content\/uploads\/2022\/03\/ffab-logga.png\",\"contentUrl\":\"https:\/\/www.ff-ab.se\/wp-content\/uploads\/2022\/03\/ffab-logga.png\",\"width\":1125,\"height\":515,\"caption\":\"FFAB\"},\"image\":{\"@id\":\"https:\/\/www.ff-ab.se\/en\/#\/schema\/logo\/image\/\"}},{\"@type\":\"Person\",\"@id\":\"https:\/\/www.ff-ab.se\/en\/#\/schema\/person\/b6b3ffb60639376dfd7ec9499c4003e0\",\"name\":\"Stefan Larsson\",\"image\":{\"@type\":\"ImageObject\",\"inLanguage\":\"en-US\",\"@id\":\"https:\/\/www.ff-ab.se\/en\/#\/schema\/person\/image\/\",\"url\":\"https:\/\/secure.gravatar.com\/avatar\/0b43dbab76d6b5be1847ed9530412f71?s=96&d=mm&r=g\",\"contentUrl\":\"https:\/\/secure.gravatar.com\/avatar\/0b43dbab76d6b5be1847ed9530412f71?s=96&d=mm&r=g\",\"caption\":\"Stefan Larsson\"},\"url\":\"https:\/\/www.ff-ab.se\/en\/author\/andrew\/\"}]}<\/script>\n<!-- \/ Yoast SEO plugin. -->","yoast_head_json":{"title":"Choose the right curtains for the windows in your home - FFAB","description":"Choosing the right curtains for your windows may not seem like the easiest thing to do, but it should be done with care.","robots":{"index":"index","follow":"follow","max-snippet":"max-snippet:-1","max-image-preview":"max-image-preview:large","max-video-preview":"max-video-preview:-1"},"canonical":"https:\/\/www.ff-ab.se\/en\/choose-the-right-curtains-for-the-windows-in-your-home\/","og_locale":"en_US","og_type":"article","og_title":"Choose the right curtains for the windows in your home - FFAB","og_description":"Choosing the right curtains for your windows may not seem like the easiest thing to do, but it should be done with care.","og_url":"https:\/\/www.ff-ab.se\/en\/choose-the-right-curtains-for-the-windows-in-your-home\/","og_site_name":"FFAB","article_published_time":"2019-10-31T16:11:44+00:00","article_modified_time":"2023-06-29T13:13:54+00:00","og_image":[{"width":768,"height":600,"url":"https:\/\/www.ff-ab.se\/wp-content\/uploads\/2022\/03\/FFAB_Va\u0308lj-ra\u0308tt-gardiner_okt196-768x600-1.jpg","type":"image\/jpeg"}],"author":"Stefan Larsson","twitter_card":"summary_large_image","twitter_misc":{"Written by":"Stefan Larsson","Est. reading time":"2 minutes"},"schema":{"@context":"https:\/\/schema.org","@graph":[{"@type":"Article","@id":"https:\/\/www.ff-ab.se\/en\/choose-the-right-curtains-for-the-windows-in-your-home\/#article","isPartOf":{"@id":"https:\/\/www.ff-ab.se\/en\/choose-the-right-curtains-for-the-windows-in-your-home\/"},"author":{"name":"Stefan Larsson","@id":"https:\/\/www.ff-ab.se\/en\/#\/schema\/person\/b6b3ffb60639376dfd7ec9499c4003e0"},"headline":"Choose the right curtains for the windows in your home","datePublished":"2019-10-31T16:11:44+00:00","dateModified":"2023-06-29T13:13:54+00:00","mainEntityOfPage":{"@id":"https:\/\/www.ff-ab.se\/en\/choose-the-right-curtains-for-the-windows-in-your-home\/"},"wordCount":392,"publisher":{"@id":"https:\/\/www.ff-ab.se\/en\/#organization"},"image":{"@id":"https:\/\/www.ff-ab.se\/en\/choose-the-right-curtains-for-the-windows-in-your-home\/#primaryimage"},"thumbnailUrl":"https:\/\/www.ff-ab.se\/wp-content\/uploads\/2022\/03\/FFAB_Va\u0308lj-ra\u0308tt-gardiner_okt196-768x600-1.jpg","articleSection":["Inspiration","Okategoriserad"],"inLanguage":"en-US"},{"@type":"WebPage","@id":"https:\/\/www.ff-ab.se\/en\/choose-the-right-curtains-for-the-windows-in-your-home\/","url":"https:\/\/www.ff-ab.se\/en\/choose-the-right-curtains-for-the-windows-in-your-home\/","name":"Choose the right curtains for the windows in your home - FFAB","isPartOf":{"@id":"https:\/\/www.ff-ab.se\/en\/#website"},"primaryImageOfPage":{"@id":"https:\/\/www.ff-ab.se\/en\/choose-the-right-curtains-for-the-windows-in-your-home\/#primaryimage"},"image":{"@id":"https:\/\/www.ff-ab.se\/en\/choose-the-right-curtains-for-the-windows-in-your-home\/#primaryimage"},"thumbnailUrl":"https:\/\/www.ff-ab.se\/wp-content\/uploads\/2022\/03\/FFAB_Va\u0308lj-ra\u0308tt-gardiner_okt196-768x600-1.jpg","datePublished":"2019-10-31T16:11:44+00:00","dateModified":"2023-06-29T13:13:54+00:00","description":"Choosing the right curtains for your windows may not seem like the easiest thing to do, but it should be done with care.","breadcrumb":{"@id":"https:\/\/www.ff-ab.se\/en\/choose-the-right-curtains-for-the-windows-in-your-home\/#breadcrumb"},"inLanguage":"en-US","potentialAction":[{"@type":"ReadAction","target":["https:\/\/www.ff-ab.se\/en\/choose-the-right-curtains-for-the-windows-in-your-home\/"]}]},{"@type":"ImageObject","inLanguage":"en-US","@id":"https:\/\/www.ff-ab.se\/en\/choose-the-right-curtains-for-the-windows-in-your-home\/#primaryimage","url":"https:\/\/www.ff-ab.se\/wp-content\/uploads\/2022\/03\/FFAB_Va\u0308lj-ra\u0308tt-gardiner_okt196-768x600-1.jpg","contentUrl":"https:\/\/www.ff-ab.se\/wp-content\/uploads\/2022\/03\/FFAB_Va\u0308lj-ra\u0308tt-gardiner_okt196-768x600-1.jpg","width":768,"height":600},{"@type":"BreadcrumbList","@id":"https:\/\/www.ff-ab.se\/en\/choose-the-right-curtains-for-the-windows-in-your-home\/#breadcrumb","itemListElement":[{"@type":"ListItem","position":1,"name":"Home","item":"https:\/\/www.ff-ab.se\/en\/"},{"@type":"ListItem","position":2,"name":"Choose the right curtains for the windows in your home"}]},{"@type":"WebSite","@id":"https:\/\/www.ff-ab.se\/en\/#website","url":"https:\/\/www.ff-ab.se\/en\/","name":"FFAB","description":"VI SKAPAR ATTRAKTIVA BOST\u00c4DER OCH SAMH\u00c4LLSFASTIGHETER MED FOKUS P\u00c5 FUNKTIONALITET, DESIGN OCH KVALITET.","publisher":{"@id":"https:\/\/www.ff-ab.se\/en\/#organization"},"potentialAction":[{"@type":"SearchAction","target":{"@type":"EntryPoint","urlTemplate":"https:\/\/www.ff-ab.se\/en\/?s={search_term_string}"},"query-input":{"@type":"PropertyValueSpecification","valueRequired":true,"valueName":"search_term_string"}}],"inLanguage":"en-US"},{"@type":"Organization","@id":"https:\/\/www.ff-ab.se\/en\/#organization","name":"FFAB","url":"https:\/\/www.ff-ab.se\/en\/","logo":{"@type":"ImageObject","inLanguage":"en-US","@id":"https:\/\/www.ff-ab.se\/en\/#\/schema\/logo\/image\/","url":"https:\/\/www.ff-ab.se\/wp-content\/uploads\/2022\/03\/ffab-logga.png","contentUrl":"https:\/\/www.ff-ab.se\/wp-content\/uploads\/2022\/03\/ffab-logga.png","width":1125,"height":515,"caption":"FFAB"},"image":{"@id":"https:\/\/www.ff-ab.se\/en\/#\/schema\/logo\/image\/"}},{"@type":"Person","@id":"https:\/\/www.ff-ab.se\/en\/#\/schema\/person\/b6b3ffb60639376dfd7ec9499c4003e0","name":"Stefan Larsson","image":{"@type":"ImageObject","inLanguage":"en-US","@id":"https:\/\/www.ff-ab.se\/en\/#\/schema\/person\/image\/","url":"https:\/\/secure.gravatar.com\/avatar\/0b43dbab76d6b5be1847ed9530412f71?s=96&d=mm&r=g","contentUrl":"https:\/\/secure.gravatar.com\/avatar\/0b43dbab76d6b5be1847ed9530412f71?s=96&d=mm&r=g","caption":"Stefan Larsson"},"url":"https:\/\/www.ff-ab.se\/en\/author\/andrew\/"}]}},"uagb_featured_image_src":{"full":["https:\/\/www.ff-ab.se\/wp-content\/uploads\/2022\/03\/FFAB_Va\u0308lj-ra\u0308tt-gardiner_okt196-768x600-1.jpg",768,600,false],"thumbnail":["https:\/\/www.ff-ab.se\/wp-content\/uploads\/2022\/03\/FFAB_Va\u0308lj-ra\u0308tt-gardiner_okt196-768x600-1-150x150.jpg",150,150,true],"medium":["https:\/\/www.ff-ab.se\/wp-content\/uploads\/2022\/03\/FFAB_Va\u0308lj-ra\u0308tt-gardiner_okt196-768x600-1-300x234.jpg",300,234,true],"medium_large":["https:\/\/www.ff-ab.se\/wp-content\/uploads\/2022\/03\/FFAB_Va\u0308lj-ra\u0308tt-gardiner_okt196-768x600-1.jpg",768,600,false],"large":["https:\/\/www.ff-ab.se\/wp-content\/uploads\/2022\/03\/FFAB_Va\u0308lj-ra\u0308tt-gardiner_okt196-768x600-1.jpg",768,600,false],"1536x1536":["https:\/\/www.ff-ab.se\/wp-content\/uploads\/2022\/03\/FFAB_Va\u0308lj-ra\u0308tt-gardiner_okt196-768x600-1.jpg",768,600,false],"2048x2048":["https:\/\/www.ff-ab.se\/wp-content\/uploads\/2022\/03\/FFAB_Va\u0308lj-ra\u0308tt-gardiner_okt196-768x600-1.jpg",768,600,false]},"uagb_author_info":{"display_name":"Stefan Larsson","author_link":"https:\/\/www.ff-ab.se\/en\/author\/andrew\/"},"uagb_comment_info":0,"uagb_excerpt":"Give your windows a boost! We help you choose the right curtains.","_links":{"self":[{"href":"https:\/\/www.ff-ab.se\/en\/wp-json\/wp\/v2\/posts\/3378","targetHints":{"allow":["GET"]}}],"collection":[{"href":"https:\/\/www.ff-ab.se\/en\/wp-json\/wp\/v2\/posts"}],"about":[{"href":"https:\/\/www.ff-ab.se\/en\/wp-json\/wp\/v2\/types\/post"}],"author":[{"embeddable":true,"href":"https:\/\/www.ff-ab.se\/en\/wp-json\/wp\/v2\/users\/5"}],"replies":[{"embeddable":true,"href":"https:\/\/www.ff-ab.se\/en\/wp-json\/wp\/v2\/comments?post=3378"}],"version-history":[{"count":4,"href":"https:\/\/www.ff-ab.se\/en\/wp-json\/wp\/v2\/posts\/3378\/revisions"}],"predecessor-version":[{"id":3543,"href":"https:\/\/www.ff-ab.se\/en\/wp-json\/wp\/v2\/posts\/3378\/revisions\/3543"}],"wp:featuredmedia":[{"embeddable":true,"href":"https:\/\/www.ff-ab.se\/en\/wp-json\/wp\/v2\/media\/3197"}],"wp:attachment":[{"href":"https:\/\/www.ff-ab.se\/en\/wp-json\/wp\/v2\/media?parent=3378"}],"wp:term":[{"taxonomy":"category","embeddable":true,"href":"https:\/\/www.ff-ab.se\/en\/wp-json\/wp\/v2\/categories?post=3378"},{"taxonomy":"post_tag","embeddable":true,"href":"https:\/\/www.ff-ab.se\/en\/wp-json\/wp\/v2\/tags?post=3378"}],"curies":[{"name":"wp","href":"https:\/\/api.w.org\/{rel}","templated":true}]}}