{"id":3396,"date":"2019-11-01T07:44:08","date_gmt":"2019-11-01T07:44:08","guid":{"rendered":"https:\/\/www.ff-ab.se\/rikshem-acquires-vard-norra\/"},"modified":"2023-06-29T13:54:51","modified_gmt":"2023-06-29T13:54:51","slug":"rikshem-acquires-vard-norra","status":"publish","type":"post","link":"https:\/\/www.ff-ab.se\/en\/rikshem-acquires-vard-norra\/","title":{"rendered":"Rikshem acquires V\u00e5rd Norra"},"content":{"rendered":"<div class=\"gb-grid-wrapper gb-grid-wrapper-fafb8904\">\n<div class=\"gb-grid-column gb-grid-column-3f582799\"><div class=\"gb-container gb-container-3f582799\"><div class=\"gb-inside-container\">\n\n<p>It is now clear that Rikshem acquires FFAB&#8217;s project property V\u00e5rd Norra in Uppsala, a modern community property with a focus on quality and sustainability. The 105 care apartments are expected to be completed in October 2019. Read more <a href=\"https:\/\/www.rikshem.se\/om-oss\/pressrum\/2017\/09\/105-nya-vardlagenheter-rikshem-forvarvar-stort-projekt-i-uppsala\/\" target=\"_blank\" rel=\"noreferrer noopener\">here<\/a>.<\/p>\n\n<\/div><\/div><\/div>\n<\/div>","protected":false},"excerpt":{"rendered":"","protected":false},"author":5,"featured_media":3193,"comment_status":"closed","ping_status":"open","sticky":false,"template":"","format":"standard","meta":{"_uag_custom_page_level_css":"","footnotes":""},"categories":[45,32],"tags":[],"class_list":["post-3396","post","type-post","status-publish","format-standard","has-post-thumbnail","hentry","category-news","category-okategoriserad"],"featured_image_src":"https:\/\/www.ff-ab.se\/wp-content\/uploads\/2022\/03\/Vard-Norra-768x533-1.jpg","author_info":{"display_name":"Stefan Larsson","author_link":"https:\/\/www.ff-ab.se\/en\/author\/andrew\/"},"yoast_head":"<!-- This site is optimized with the Yoast SEO plugin v26.8 - https:\/\/yoast.com\/product\/yoast-seo-wordpress\/ -->\n<title>Rikshem acquires V\u00e5rd Norra - FFAB<\/title>\n<meta name=\"description\" content=\"Rikshem acquires FFAB&#039;s project property V\u00e5rd Norra in Uppsala, a modern community property with quality and sustainability as the main focus.\" \/>\n<meta name=\"robots\" content=\"index, follow, max-snippet:-1, max-image-preview:large, max-video-preview:-1\" \/>\n<link rel=\"canonical\" href=\"https:\/\/www.ff-ab.se\/en\/rikshem-acquires-vard-norra\/\" \/>\n<meta property=\"og:locale\" content=\"en_US\" \/>\n<meta property=\"og:type\" content=\"article\" \/>\n<meta property=\"og:title\" content=\"Rikshem acquires V\u00e5rd Norra - FFAB\" \/>\n<meta property=\"og:description\" content=\"Rikshem acquires FFAB&#039;s project property V\u00e5rd Norra in Uppsala, a modern community property with quality and sustainability as the main focus.\" \/>\n<meta property=\"og:url\" content=\"https:\/\/www.ff-ab.se\/en\/rikshem-acquires-vard-norra\/\" \/>\n<meta property=\"og:site_name\" content=\"FFAB\" \/>\n<meta property=\"article:published_time\" content=\"2019-11-01T07:44:08+00:00\" \/>\n<meta property=\"article:modified_time\" content=\"2023-06-29T13:54:51+00:00\" \/>\n<meta property=\"og:image\" content=\"https:\/\/www.ff-ab.se\/wp-content\/uploads\/2022\/03\/Vard-Norra-768x533-1.jpg\" \/>\n\t<meta property=\"og:image:width\" content=\"768\" \/>\n\t<meta property=\"og:image:height\" content=\"533\" \/>\n\t<meta property=\"og:image:type\" content=\"image\/jpeg\" \/>\n<meta name=\"author\" content=\"Stefan Larsson\" \/>\n<meta name=\"twitter:card\" content=\"summary_large_image\" \/>\n<meta name=\"twitter:label1\" content=\"Written by\" \/>\n\t<meta name=\"twitter:data1\" content=\"Stefan Larsson\" \/>\n<script type=\"application\/ld+json\" class=\"yoast-schema-graph\">{\"@context\":\"https:\/\/schema.org\",\"@graph\":[{\"@type\":\"Article\",\"@id\":\"https:\/\/www.ff-ab.se\/en\/rikshem-acquires-vard-norra\/#article\",\"isPartOf\":{\"@id\":\"https:\/\/www.ff-ab.se\/en\/rikshem-acquires-vard-norra\/\"},\"author\":{\"name\":\"Stefan Larsson\",\"@id\":\"https:\/\/www.ff-ab.se\/en\/#\/schema\/person\/b6b3ffb60639376dfd7ec9499c4003e0\"},\"headline\":\"Rikshem acquires V\u00e5rd Norra\",\"datePublished\":\"2019-11-01T07:44:08+00:00\",\"dateModified\":\"2023-06-29T13:54:51+00:00\",\"mainEntityOfPage\":{\"@id\":\"https:\/\/www.ff-ab.se\/en\/rikshem-acquires-vard-norra\/\"},\"wordCount\":44,\"publisher\":{\"@id\":\"https:\/\/www.ff-ab.se\/en\/#organization\"},\"image\":{\"@id\":\"https:\/\/www.ff-ab.se\/en\/rikshem-acquires-vard-norra\/#primaryimage\"},\"thumbnailUrl\":\"https:\/\/www.ff-ab.se\/wp-content\/uploads\/2022\/03\/Vard-Norra-768x533-1.jpg\",\"articleSection\":[\"News\",\"Okategoriserad\"],\"inLanguage\":\"en-US\"},{\"@type\":\"WebPage\",\"@id\":\"https:\/\/www.ff-ab.se\/en\/rikshem-acquires-vard-norra\/\",\"url\":\"https:\/\/www.ff-ab.se\/en\/rikshem-acquires-vard-norra\/\",\"name\":\"Rikshem acquires V\u00e5rd Norra - FFAB\",\"isPartOf\":{\"@id\":\"https:\/\/www.ff-ab.se\/en\/#website\"},\"primaryImageOfPage\":{\"@id\":\"https:\/\/www.ff-ab.se\/en\/rikshem-acquires-vard-norra\/#primaryimage\"},\"image\":{\"@id\":\"https:\/\/www.ff-ab.se\/en\/rikshem-acquires-vard-norra\/#primaryimage\"},\"thumbnailUrl\":\"https:\/\/www.ff-ab.se\/wp-content\/uploads\/2022\/03\/Vard-Norra-768x533-1.jpg\",\"datePublished\":\"2019-11-01T07:44:08+00:00\",\"dateModified\":\"2023-06-29T13:54:51+00:00\",\"description\":\"Rikshem acquires FFAB's project property V\u00e5rd Norra in Uppsala, a modern community property with quality and sustainability as the main focus.\",\"breadcrumb\":{\"@id\":\"https:\/\/www.ff-ab.se\/en\/rikshem-acquires-vard-norra\/#breadcrumb\"},\"inLanguage\":\"en-US\",\"potentialAction\":[{\"@type\":\"ReadAction\",\"target\":[\"https:\/\/www.ff-ab.se\/en\/rikshem-acquires-vard-norra\/\"]}]},{\"@type\":\"ImageObject\",\"inLanguage\":\"en-US\",\"@id\":\"https:\/\/www.ff-ab.se\/en\/rikshem-acquires-vard-norra\/#primaryimage\",\"url\":\"https:\/\/www.ff-ab.se\/wp-content\/uploads\/2022\/03\/Vard-Norra-768x533-1.jpg\",\"contentUrl\":\"https:\/\/www.ff-ab.se\/wp-content\/uploads\/2022\/03\/Vard-Norra-768x533-1.jpg\",\"width\":768,\"height\":533},{\"@type\":\"BreadcrumbList\",\"@id\":\"https:\/\/www.ff-ab.se\/en\/rikshem-acquires-vard-norra\/#breadcrumb\",\"itemListElement\":[{\"@type\":\"ListItem\",\"position\":1,\"name\":\"Home\",\"item\":\"https:\/\/www.ff-ab.se\/en\/\"},{\"@type\":\"ListItem\",\"position\":2,\"name\":\"Rikshem acquires V\u00e5rd Norra\"}]},{\"@type\":\"WebSite\",\"@id\":\"https:\/\/www.ff-ab.se\/en\/#website\",\"url\":\"https:\/\/www.ff-ab.se\/en\/\",\"name\":\"FFAB\",\"description\":\"VI SKAPAR ATTRAKTIVA BOST\u00c4DER OCH SAMH\u00c4LLSFASTIGHETER MED FOKUS P\u00c5 FUNKTIONALITET, DESIGN OCH KVALITET.\",\"publisher\":{\"@id\":\"https:\/\/www.ff-ab.se\/en\/#organization\"},\"potentialAction\":[{\"@type\":\"SearchAction\",\"target\":{\"@type\":\"EntryPoint\",\"urlTemplate\":\"https:\/\/www.ff-ab.se\/en\/?s={search_term_string}\"},\"query-input\":{\"@type\":\"PropertyValueSpecification\",\"valueRequired\":true,\"valueName\":\"search_term_string\"}}],\"inLanguage\":\"en-US\"},{\"@type\":\"Organization\",\"@id\":\"https:\/\/www.ff-ab.se\/en\/#organization\",\"name\":\"FFAB\",\"url\":\"https:\/\/www.ff-ab.se\/en\/\",\"logo\":{\"@type\":\"ImageObject\",\"inLanguage\":\"en-US\",\"@id\":\"https:\/\/www.ff-ab.se\/en\/#\/schema\/logo\/image\/\",\"url\":\"https:\/\/www.ff-ab.se\/wp-content\/uploads\/2022\/03\/ffab-logga.png\",\"contentUrl\":\"https:\/\/www.ff-ab.se\/wp-content\/uploads\/2022\/03\/ffab-logga.png\",\"width\":1125,\"height\":515,\"caption\":\"FFAB\"},\"image\":{\"@id\":\"https:\/\/www.ff-ab.se\/en\/#\/schema\/logo\/image\/\"}},{\"@type\":\"Person\",\"@id\":\"https:\/\/www.ff-ab.se\/en\/#\/schema\/person\/b6b3ffb60639376dfd7ec9499c4003e0\",\"name\":\"Stefan Larsson\",\"image\":{\"@type\":\"ImageObject\",\"inLanguage\":\"en-US\",\"@id\":\"https:\/\/www.ff-ab.se\/en\/#\/schema\/person\/image\/\",\"url\":\"https:\/\/secure.gravatar.com\/avatar\/0b43dbab76d6b5be1847ed9530412f71?s=96&d=mm&r=g\",\"contentUrl\":\"https:\/\/secure.gravatar.com\/avatar\/0b43dbab76d6b5be1847ed9530412f71?s=96&d=mm&r=g\",\"caption\":\"Stefan Larsson\"},\"url\":\"https:\/\/www.ff-ab.se\/en\/author\/andrew\/\"}]}<\/script>\n<!-- \/ Yoast SEO plugin. -->","yoast_head_json":{"title":"Rikshem acquires V\u00e5rd Norra - FFAB","description":"Rikshem acquires FFAB's project property V\u00e5rd Norra in Uppsala, a modern community property with quality and sustainability as the main focus.","robots":{"index":"index","follow":"follow","max-snippet":"max-snippet:-1","max-image-preview":"max-image-preview:large","max-video-preview":"max-video-preview:-1"},"canonical":"https:\/\/www.ff-ab.se\/en\/rikshem-acquires-vard-norra\/","og_locale":"en_US","og_type":"article","og_title":"Rikshem acquires V\u00e5rd Norra - FFAB","og_description":"Rikshem acquires FFAB's project property V\u00e5rd Norra in Uppsala, a modern community property with quality and sustainability as the main focus.","og_url":"https:\/\/www.ff-ab.se\/en\/rikshem-acquires-vard-norra\/","og_site_name":"FFAB","article_published_time":"2019-11-01T07:44:08+00:00","article_modified_time":"2023-06-29T13:54:51+00:00","og_image":[{"width":768,"height":533,"url":"https:\/\/www.ff-ab.se\/wp-content\/uploads\/2022\/03\/Vard-Norra-768x533-1.jpg","type":"image\/jpeg"}],"author":"Stefan Larsson","twitter_card":"summary_large_image","twitter_misc":{"Written by":"Stefan Larsson"},"schema":{"@context":"https:\/\/schema.org","@graph":[{"@type":"Article","@id":"https:\/\/www.ff-ab.se\/en\/rikshem-acquires-vard-norra\/#article","isPartOf":{"@id":"https:\/\/www.ff-ab.se\/en\/rikshem-acquires-vard-norra\/"},"author":{"name":"Stefan Larsson","@id":"https:\/\/www.ff-ab.se\/en\/#\/schema\/person\/b6b3ffb60639376dfd7ec9499c4003e0"},"headline":"Rikshem acquires V\u00e5rd Norra","datePublished":"2019-11-01T07:44:08+00:00","dateModified":"2023-06-29T13:54:51+00:00","mainEntityOfPage":{"@id":"https:\/\/www.ff-ab.se\/en\/rikshem-acquires-vard-norra\/"},"wordCount":44,"publisher":{"@id":"https:\/\/www.ff-ab.se\/en\/#organization"},"image":{"@id":"https:\/\/www.ff-ab.se\/en\/rikshem-acquires-vard-norra\/#primaryimage"},"thumbnailUrl":"https:\/\/www.ff-ab.se\/wp-content\/uploads\/2022\/03\/Vard-Norra-768x533-1.jpg","articleSection":["News","Okategoriserad"],"inLanguage":"en-US"},{"@type":"WebPage","@id":"https:\/\/www.ff-ab.se\/en\/rikshem-acquires-vard-norra\/","url":"https:\/\/www.ff-ab.se\/en\/rikshem-acquires-vard-norra\/","name":"Rikshem acquires V\u00e5rd Norra - FFAB","isPartOf":{"@id":"https:\/\/www.ff-ab.se\/en\/#website"},"primaryImageOfPage":{"@id":"https:\/\/www.ff-ab.se\/en\/rikshem-acquires-vard-norra\/#primaryimage"},"image":{"@id":"https:\/\/www.ff-ab.se\/en\/rikshem-acquires-vard-norra\/#primaryimage"},"thumbnailUrl":"https:\/\/www.ff-ab.se\/wp-content\/uploads\/2022\/03\/Vard-Norra-768x533-1.jpg","datePublished":"2019-11-01T07:44:08+00:00","dateModified":"2023-06-29T13:54:51+00:00","description":"Rikshem acquires FFAB's project property V\u00e5rd Norra in Uppsala, a modern community property with quality and sustainability as the main focus.","breadcrumb":{"@id":"https:\/\/www.ff-ab.se\/en\/rikshem-acquires-vard-norra\/#breadcrumb"},"inLanguage":"en-US","potentialAction":[{"@type":"ReadAction","target":["https:\/\/www.ff-ab.se\/en\/rikshem-acquires-vard-norra\/"]}]},{"@type":"ImageObject","inLanguage":"en-US","@id":"https:\/\/www.ff-ab.se\/en\/rikshem-acquires-vard-norra\/#primaryimage","url":"https:\/\/www.ff-ab.se\/wp-content\/uploads\/2022\/03\/Vard-Norra-768x533-1.jpg","contentUrl":"https:\/\/www.ff-ab.se\/wp-content\/uploads\/2022\/03\/Vard-Norra-768x533-1.jpg","width":768,"height":533},{"@type":"BreadcrumbList","@id":"https:\/\/www.ff-ab.se\/en\/rikshem-acquires-vard-norra\/#breadcrumb","itemListElement":[{"@type":"ListItem","position":1,"name":"Home","item":"https:\/\/www.ff-ab.se\/en\/"},{"@type":"ListItem","position":2,"name":"Rikshem acquires V\u00e5rd Norra"}]},{"@type":"WebSite","@id":"https:\/\/www.ff-ab.se\/en\/#website","url":"https:\/\/www.ff-ab.se\/en\/","name":"FFAB","description":"VI SKAPAR ATTRAKTIVA BOST\u00c4DER OCH SAMH\u00c4LLSFASTIGHETER MED FOKUS P\u00c5 FUNKTIONALITET, DESIGN OCH KVALITET.","publisher":{"@id":"https:\/\/www.ff-ab.se\/en\/#organization"},"potentialAction":[{"@type":"SearchAction","target":{"@type":"EntryPoint","urlTemplate":"https:\/\/www.ff-ab.se\/en\/?s={search_term_string}"},"query-input":{"@type":"PropertyValueSpecification","valueRequired":true,"valueName":"search_term_string"}}],"inLanguage":"en-US"},{"@type":"Organization","@id":"https:\/\/www.ff-ab.se\/en\/#organization","name":"FFAB","url":"https:\/\/www.ff-ab.se\/en\/","logo":{"@type":"ImageObject","inLanguage":"en-US","@id":"https:\/\/www.ff-ab.se\/en\/#\/schema\/logo\/image\/","url":"https:\/\/www.ff-ab.se\/wp-content\/uploads\/2022\/03\/ffab-logga.png","contentUrl":"https:\/\/www.ff-ab.se\/wp-content\/uploads\/2022\/03\/ffab-logga.png","width":1125,"height":515,"caption":"FFAB"},"image":{"@id":"https:\/\/www.ff-ab.se\/en\/#\/schema\/logo\/image\/"}},{"@type":"Person","@id":"https:\/\/www.ff-ab.se\/en\/#\/schema\/person\/b6b3ffb60639376dfd7ec9499c4003e0","name":"Stefan Larsson","image":{"@type":"ImageObject","inLanguage":"en-US","@id":"https:\/\/www.ff-ab.se\/en\/#\/schema\/person\/image\/","url":"https:\/\/secure.gravatar.com\/avatar\/0b43dbab76d6b5be1847ed9530412f71?s=96&d=mm&r=g","contentUrl":"https:\/\/secure.gravatar.com\/avatar\/0b43dbab76d6b5be1847ed9530412f71?s=96&d=mm&r=g","caption":"Stefan Larsson"},"url":"https:\/\/www.ff-ab.se\/en\/author\/andrew\/"}]}},"uagb_featured_image_src":{"full":["https:\/\/www.ff-ab.se\/wp-content\/uploads\/2022\/03\/Vard-Norra-768x533-1.jpg",768,533,false],"thumbnail":["https:\/\/www.ff-ab.se\/wp-content\/uploads\/2022\/03\/Vard-Norra-768x533-1-150x150.jpg",150,150,true],"medium":["https:\/\/www.ff-ab.se\/wp-content\/uploads\/2022\/03\/Vard-Norra-768x533-1-300x208.jpg",300,208,true],"medium_large":["https:\/\/www.ff-ab.se\/wp-content\/uploads\/2022\/03\/Vard-Norra-768x533-1.jpg",768,533,false],"large":["https:\/\/www.ff-ab.se\/wp-content\/uploads\/2022\/03\/Vard-Norra-768x533-1.jpg",768,533,false],"1536x1536":["https:\/\/www.ff-ab.se\/wp-content\/uploads\/2022\/03\/Vard-Norra-768x533-1.jpg",768,533,false],"2048x2048":["https:\/\/www.ff-ab.se\/wp-content\/uploads\/2022\/03\/Vard-Norra-768x533-1.jpg",768,533,false]},"uagb_author_info":{"display_name":"Stefan Larsson","author_link":"https:\/\/www.ff-ab.se\/en\/author\/andrew\/"},"uagb_comment_info":0,"uagb_excerpt":null,"_links":{"self":[{"href":"https:\/\/www.ff-ab.se\/en\/wp-json\/wp\/v2\/posts\/3396","targetHints":{"allow":["GET"]}}],"collection":[{"href":"https:\/\/www.ff-ab.se\/en\/wp-json\/wp\/v2\/posts"}],"about":[{"href":"https:\/\/www.ff-ab.se\/en\/wp-json\/wp\/v2\/types\/post"}],"author":[{"embeddable":true,"href":"https:\/\/www.ff-ab.se\/en\/wp-json\/wp\/v2\/users\/5"}],"replies":[{"embeddable":true,"href":"https:\/\/www.ff-ab.se\/en\/wp-json\/wp\/v2\/comments?post=3396"}],"version-history":[{"count":4,"href":"https:\/\/www.ff-ab.se\/en\/wp-json\/wp\/v2\/posts\/3396\/revisions"}],"predecessor-version":[{"id":3555,"href":"https:\/\/www.ff-ab.se\/en\/wp-json\/wp\/v2\/posts\/3396\/revisions\/3555"}],"wp:featuredmedia":[{"embeddable":true,"href":"https:\/\/www.ff-ab.se\/en\/wp-json\/wp\/v2\/media\/3193"}],"wp:attachment":[{"href":"https:\/\/www.ff-ab.se\/en\/wp-json\/wp\/v2\/media?parent=3396"}],"wp:term":[{"taxonomy":"category","embeddable":true,"href":"https:\/\/www.ff-ab.se\/en\/wp-json\/wp\/v2\/categories?post=3396"},{"taxonomy":"post_tag","embeddable":true,"href":"https:\/\/www.ff-ab.se\/en\/wp-json\/wp\/v2\/tags?post=3396"}],"curies":[{"name":"wp","href":"https:\/\/api.w.org\/{rel}","templated":true}]}}