{"id":3402,"date":"2020-04-09T07:28:05","date_gmt":"2020-04-09T07:28:05","guid":{"rendered":"https:\/\/www.ff-ab.se\/construction-of-ursviks-alle-in-sundbyberg-takes-shape\/"},"modified":"2023-06-30T06:50:49","modified_gmt":"2023-06-30T06:50:49","slug":"construction-of-ursviks-alle-in-sundbyberg-takes-shape","status":"publish","type":"post","link":"https:\/\/www.ff-ab.se\/en\/construction-of-ursviks-alle-in-sundbyberg-takes-shape\/","title":{"rendered":"Construction of Ursviks All\u00e9 in Sundbyberg takes shape"},"content":{"rendered":"<div class=\"gb-grid-wrapper gb-grid-wrapper-11a6fd56\">\n<div class=\"gb-grid-column gb-grid-column-81250f22\"><div class=\"gb-container gb-container-81250f22\"><div class=\"gb-inside-container\">\n\n<p>For a few weeks we have been able to see the Ursvik area in Sundbyberg starting to take shape and now, finally, the framework has been completed. In scenic Ursvik, a vibrant residential area is emerging where we are developing 27 homes with 1-3 rooms and kitchens.<\/p>\n\n\n\n<p>Read more about the project <a href=\"https:\/\/ff-ab.se\/bostader\/ursviks-alle\">here<\/a>.<\/p>\n\n<\/div><\/div><\/div>\n<\/div>","protected":false},"excerpt":{"rendered":"","protected":false},"author":5,"featured_media":3185,"comment_status":"closed","ping_status":"open","sticky":false,"template":"","format":"standard","meta":{"_uag_custom_page_level_css":"","footnotes":""},"categories":[45,32],"tags":[],"class_list":["post-3402","post","type-post","status-publish","format-standard","has-post-thumbnail","hentry","category-news","category-okategoriserad"],"featured_image_src":"https:\/\/www.ff-ab.se\/wp-content\/uploads\/2022\/03\/ursvik_grund-e1586422259912-768x599-1.jpg","author_info":{"display_name":"Stefan Larsson","author_link":"https:\/\/www.ff-ab.se\/en\/author\/andrew\/"},"yoast_head":"<!-- This site is optimized with the Yoast SEO plugin v26.8 - https:\/\/yoast.com\/product\/yoast-seo-wordpress\/ -->\n<title>Construction of Ursviks All\u00e9 in Sundbyberg takes shape - FFAB<\/title>\n<meta name=\"description\" content=\"In scenic Ursvik, a vibrant residential area is emerging where we are developing 27 homes with 1-3 rooms and kitchens.\" \/>\n<meta name=\"robots\" content=\"index, follow, max-snippet:-1, max-image-preview:large, max-video-preview:-1\" \/>\n<link rel=\"canonical\" href=\"https:\/\/www.ff-ab.se\/en\/construction-of-ursviks-alle-in-sundbyberg-takes-shape\/\" \/>\n<meta property=\"og:locale\" content=\"en_US\" \/>\n<meta property=\"og:type\" content=\"article\" \/>\n<meta property=\"og:title\" content=\"Construction of Ursviks All\u00e9 in Sundbyberg takes shape - FFAB\" \/>\n<meta property=\"og:description\" content=\"In scenic Ursvik, a vibrant residential area is emerging where we are developing 27 homes with 1-3 rooms and kitchens.\" \/>\n<meta property=\"og:url\" content=\"https:\/\/www.ff-ab.se\/en\/construction-of-ursviks-alle-in-sundbyberg-takes-shape\/\" \/>\n<meta property=\"og:site_name\" content=\"FFAB\" \/>\n<meta property=\"article:published_time\" content=\"2020-04-09T07:28:05+00:00\" \/>\n<meta property=\"article:modified_time\" content=\"2023-06-30T06:50:49+00:00\" \/>\n<meta property=\"og:image\" content=\"https:\/\/www.ff-ab.se\/wp-content\/uploads\/2022\/03\/ursvik_grund-e1586422259912-768x599-1.jpg\" \/>\n\t<meta property=\"og:image:width\" content=\"768\" \/>\n\t<meta property=\"og:image:height\" content=\"599\" \/>\n\t<meta property=\"og:image:type\" content=\"image\/jpeg\" \/>\n<meta name=\"author\" content=\"Stefan Larsson\" \/>\n<meta name=\"twitter:card\" content=\"summary_large_image\" \/>\n<meta name=\"twitter:label1\" content=\"Written by\" \/>\n\t<meta name=\"twitter:data1\" content=\"Stefan Larsson\" \/>\n<script type=\"application\/ld+json\" class=\"yoast-schema-graph\">{\"@context\":\"https:\/\/schema.org\",\"@graph\":[{\"@type\":\"Article\",\"@id\":\"https:\/\/www.ff-ab.se\/en\/construction-of-ursviks-alle-in-sundbyberg-takes-shape\/#article\",\"isPartOf\":{\"@id\":\"https:\/\/www.ff-ab.se\/en\/construction-of-ursviks-alle-in-sundbyberg-takes-shape\/\"},\"author\":{\"name\":\"Stefan Larsson\",\"@id\":\"https:\/\/www.ff-ab.se\/en\/#\/schema\/person\/b6b3ffb60639376dfd7ec9499c4003e0\"},\"headline\":\"Construction of Ursviks All\u00e9 in Sundbyberg takes shape\",\"datePublished\":\"2020-04-09T07:28:05+00:00\",\"dateModified\":\"2023-06-30T06:50:49+00:00\",\"mainEntityOfPage\":{\"@id\":\"https:\/\/www.ff-ab.se\/en\/construction-of-ursviks-alle-in-sundbyberg-takes-shape\/\"},\"wordCount\":60,\"publisher\":{\"@id\":\"https:\/\/www.ff-ab.se\/en\/#organization\"},\"image\":{\"@id\":\"https:\/\/www.ff-ab.se\/en\/construction-of-ursviks-alle-in-sundbyberg-takes-shape\/#primaryimage\"},\"thumbnailUrl\":\"https:\/\/www.ff-ab.se\/wp-content\/uploads\/2022\/03\/ursvik_grund-e1586422259912-768x599-1.jpg\",\"articleSection\":[\"News\",\"Okategoriserad\"],\"inLanguage\":\"en-US\"},{\"@type\":\"WebPage\",\"@id\":\"https:\/\/www.ff-ab.se\/en\/construction-of-ursviks-alle-in-sundbyberg-takes-shape\/\",\"url\":\"https:\/\/www.ff-ab.se\/en\/construction-of-ursviks-alle-in-sundbyberg-takes-shape\/\",\"name\":\"Construction of Ursviks All\u00e9 in Sundbyberg takes shape - FFAB\",\"isPartOf\":{\"@id\":\"https:\/\/www.ff-ab.se\/en\/#website\"},\"primaryImageOfPage\":{\"@id\":\"https:\/\/www.ff-ab.se\/en\/construction-of-ursviks-alle-in-sundbyberg-takes-shape\/#primaryimage\"},\"image\":{\"@id\":\"https:\/\/www.ff-ab.se\/en\/construction-of-ursviks-alle-in-sundbyberg-takes-shape\/#primaryimage\"},\"thumbnailUrl\":\"https:\/\/www.ff-ab.se\/wp-content\/uploads\/2022\/03\/ursvik_grund-e1586422259912-768x599-1.jpg\",\"datePublished\":\"2020-04-09T07:28:05+00:00\",\"dateModified\":\"2023-06-30T06:50:49+00:00\",\"description\":\"In scenic Ursvik, a vibrant residential area is emerging where we are developing 27 homes with 1-3 rooms and kitchens.\",\"breadcrumb\":{\"@id\":\"https:\/\/www.ff-ab.se\/en\/construction-of-ursviks-alle-in-sundbyberg-takes-shape\/#breadcrumb\"},\"inLanguage\":\"en-US\",\"potentialAction\":[{\"@type\":\"ReadAction\",\"target\":[\"https:\/\/www.ff-ab.se\/en\/construction-of-ursviks-alle-in-sundbyberg-takes-shape\/\"]}]},{\"@type\":\"ImageObject\",\"inLanguage\":\"en-US\",\"@id\":\"https:\/\/www.ff-ab.se\/en\/construction-of-ursviks-alle-in-sundbyberg-takes-shape\/#primaryimage\",\"url\":\"https:\/\/www.ff-ab.se\/wp-content\/uploads\/2022\/03\/ursvik_grund-e1586422259912-768x599-1.jpg\",\"contentUrl\":\"https:\/\/www.ff-ab.se\/wp-content\/uploads\/2022\/03\/ursvik_grund-e1586422259912-768x599-1.jpg\",\"width\":768,\"height\":599},{\"@type\":\"BreadcrumbList\",\"@id\":\"https:\/\/www.ff-ab.se\/en\/construction-of-ursviks-alle-in-sundbyberg-takes-shape\/#breadcrumb\",\"itemListElement\":[{\"@type\":\"ListItem\",\"position\":1,\"name\":\"Home\",\"item\":\"https:\/\/www.ff-ab.se\/en\/\"},{\"@type\":\"ListItem\",\"position\":2,\"name\":\"Construction of Ursviks All\u00e9 in Sundbyberg takes shape\"}]},{\"@type\":\"WebSite\",\"@id\":\"https:\/\/www.ff-ab.se\/en\/#website\",\"url\":\"https:\/\/www.ff-ab.se\/en\/\",\"name\":\"FFAB\",\"description\":\"VI SKAPAR ATTRAKTIVA BOST\u00c4DER OCH SAMH\u00c4LLSFASTIGHETER MED FOKUS P\u00c5 FUNKTIONALITET, DESIGN OCH KVALITET.\",\"publisher\":{\"@id\":\"https:\/\/www.ff-ab.se\/en\/#organization\"},\"potentialAction\":[{\"@type\":\"SearchAction\",\"target\":{\"@type\":\"EntryPoint\",\"urlTemplate\":\"https:\/\/www.ff-ab.se\/en\/?s={search_term_string}\"},\"query-input\":{\"@type\":\"PropertyValueSpecification\",\"valueRequired\":true,\"valueName\":\"search_term_string\"}}],\"inLanguage\":\"en-US\"},{\"@type\":\"Organization\",\"@id\":\"https:\/\/www.ff-ab.se\/en\/#organization\",\"name\":\"FFAB\",\"url\":\"https:\/\/www.ff-ab.se\/en\/\",\"logo\":{\"@type\":\"ImageObject\",\"inLanguage\":\"en-US\",\"@id\":\"https:\/\/www.ff-ab.se\/en\/#\/schema\/logo\/image\/\",\"url\":\"https:\/\/www.ff-ab.se\/wp-content\/uploads\/2022\/03\/ffab-logga.png\",\"contentUrl\":\"https:\/\/www.ff-ab.se\/wp-content\/uploads\/2022\/03\/ffab-logga.png\",\"width\":1125,\"height\":515,\"caption\":\"FFAB\"},\"image\":{\"@id\":\"https:\/\/www.ff-ab.se\/en\/#\/schema\/logo\/image\/\"}},{\"@type\":\"Person\",\"@id\":\"https:\/\/www.ff-ab.se\/en\/#\/schema\/person\/b6b3ffb60639376dfd7ec9499c4003e0\",\"name\":\"Stefan Larsson\",\"image\":{\"@type\":\"ImageObject\",\"inLanguage\":\"en-US\",\"@id\":\"https:\/\/www.ff-ab.se\/en\/#\/schema\/person\/image\/\",\"url\":\"https:\/\/secure.gravatar.com\/avatar\/0b43dbab76d6b5be1847ed9530412f71?s=96&d=mm&r=g\",\"contentUrl\":\"https:\/\/secure.gravatar.com\/avatar\/0b43dbab76d6b5be1847ed9530412f71?s=96&d=mm&r=g\",\"caption\":\"Stefan Larsson\"},\"url\":\"https:\/\/www.ff-ab.se\/en\/author\/andrew\/\"}]}<\/script>\n<!-- \/ Yoast SEO plugin. -->","yoast_head_json":{"title":"Construction of Ursviks All\u00e9 in Sundbyberg takes shape - FFAB","description":"In scenic Ursvik, a vibrant residential area is emerging where we are developing 27 homes with 1-3 rooms and kitchens.","robots":{"index":"index","follow":"follow","max-snippet":"max-snippet:-1","max-image-preview":"max-image-preview:large","max-video-preview":"max-video-preview:-1"},"canonical":"https:\/\/www.ff-ab.se\/en\/construction-of-ursviks-alle-in-sundbyberg-takes-shape\/","og_locale":"en_US","og_type":"article","og_title":"Construction of Ursviks All\u00e9 in Sundbyberg takes shape - FFAB","og_description":"In scenic Ursvik, a vibrant residential area is emerging where we are developing 27 homes with 1-3 rooms and kitchens.","og_url":"https:\/\/www.ff-ab.se\/en\/construction-of-ursviks-alle-in-sundbyberg-takes-shape\/","og_site_name":"FFAB","article_published_time":"2020-04-09T07:28:05+00:00","article_modified_time":"2023-06-30T06:50:49+00:00","og_image":[{"width":768,"height":599,"url":"https:\/\/www.ff-ab.se\/wp-content\/uploads\/2022\/03\/ursvik_grund-e1586422259912-768x599-1.jpg","type":"image\/jpeg"}],"author":"Stefan Larsson","twitter_card":"summary_large_image","twitter_misc":{"Written by":"Stefan Larsson"},"schema":{"@context":"https:\/\/schema.org","@graph":[{"@type":"Article","@id":"https:\/\/www.ff-ab.se\/en\/construction-of-ursviks-alle-in-sundbyberg-takes-shape\/#article","isPartOf":{"@id":"https:\/\/www.ff-ab.se\/en\/construction-of-ursviks-alle-in-sundbyberg-takes-shape\/"},"author":{"name":"Stefan Larsson","@id":"https:\/\/www.ff-ab.se\/en\/#\/schema\/person\/b6b3ffb60639376dfd7ec9499c4003e0"},"headline":"Construction of Ursviks All\u00e9 in Sundbyberg takes shape","datePublished":"2020-04-09T07:28:05+00:00","dateModified":"2023-06-30T06:50:49+00:00","mainEntityOfPage":{"@id":"https:\/\/www.ff-ab.se\/en\/construction-of-ursviks-alle-in-sundbyberg-takes-shape\/"},"wordCount":60,"publisher":{"@id":"https:\/\/www.ff-ab.se\/en\/#organization"},"image":{"@id":"https:\/\/www.ff-ab.se\/en\/construction-of-ursviks-alle-in-sundbyberg-takes-shape\/#primaryimage"},"thumbnailUrl":"https:\/\/www.ff-ab.se\/wp-content\/uploads\/2022\/03\/ursvik_grund-e1586422259912-768x599-1.jpg","articleSection":["News","Okategoriserad"],"inLanguage":"en-US"},{"@type":"WebPage","@id":"https:\/\/www.ff-ab.se\/en\/construction-of-ursviks-alle-in-sundbyberg-takes-shape\/","url":"https:\/\/www.ff-ab.se\/en\/construction-of-ursviks-alle-in-sundbyberg-takes-shape\/","name":"Construction of Ursviks All\u00e9 in Sundbyberg takes shape - FFAB","isPartOf":{"@id":"https:\/\/www.ff-ab.se\/en\/#website"},"primaryImageOfPage":{"@id":"https:\/\/www.ff-ab.se\/en\/construction-of-ursviks-alle-in-sundbyberg-takes-shape\/#primaryimage"},"image":{"@id":"https:\/\/www.ff-ab.se\/en\/construction-of-ursviks-alle-in-sundbyberg-takes-shape\/#primaryimage"},"thumbnailUrl":"https:\/\/www.ff-ab.se\/wp-content\/uploads\/2022\/03\/ursvik_grund-e1586422259912-768x599-1.jpg","datePublished":"2020-04-09T07:28:05+00:00","dateModified":"2023-06-30T06:50:49+00:00","description":"In scenic Ursvik, a vibrant residential area is emerging where we are developing 27 homes with 1-3 rooms and kitchens.","breadcrumb":{"@id":"https:\/\/www.ff-ab.se\/en\/construction-of-ursviks-alle-in-sundbyberg-takes-shape\/#breadcrumb"},"inLanguage":"en-US","potentialAction":[{"@type":"ReadAction","target":["https:\/\/www.ff-ab.se\/en\/construction-of-ursviks-alle-in-sundbyberg-takes-shape\/"]}]},{"@type":"ImageObject","inLanguage":"en-US","@id":"https:\/\/www.ff-ab.se\/en\/construction-of-ursviks-alle-in-sundbyberg-takes-shape\/#primaryimage","url":"https:\/\/www.ff-ab.se\/wp-content\/uploads\/2022\/03\/ursvik_grund-e1586422259912-768x599-1.jpg","contentUrl":"https:\/\/www.ff-ab.se\/wp-content\/uploads\/2022\/03\/ursvik_grund-e1586422259912-768x599-1.jpg","width":768,"height":599},{"@type":"BreadcrumbList","@id":"https:\/\/www.ff-ab.se\/en\/construction-of-ursviks-alle-in-sundbyberg-takes-shape\/#breadcrumb","itemListElement":[{"@type":"ListItem","position":1,"name":"Home","item":"https:\/\/www.ff-ab.se\/en\/"},{"@type":"ListItem","position":2,"name":"Construction of Ursviks All\u00e9 in Sundbyberg takes shape"}]},{"@type":"WebSite","@id":"https:\/\/www.ff-ab.se\/en\/#website","url":"https:\/\/www.ff-ab.se\/en\/","name":"FFAB","description":"VI SKAPAR ATTRAKTIVA BOST\u00c4DER OCH SAMH\u00c4LLSFASTIGHETER MED FOKUS P\u00c5 FUNKTIONALITET, DESIGN OCH KVALITET.","publisher":{"@id":"https:\/\/www.ff-ab.se\/en\/#organization"},"potentialAction":[{"@type":"SearchAction","target":{"@type":"EntryPoint","urlTemplate":"https:\/\/www.ff-ab.se\/en\/?s={search_term_string}"},"query-input":{"@type":"PropertyValueSpecification","valueRequired":true,"valueName":"search_term_string"}}],"inLanguage":"en-US"},{"@type":"Organization","@id":"https:\/\/www.ff-ab.se\/en\/#organization","name":"FFAB","url":"https:\/\/www.ff-ab.se\/en\/","logo":{"@type":"ImageObject","inLanguage":"en-US","@id":"https:\/\/www.ff-ab.se\/en\/#\/schema\/logo\/image\/","url":"https:\/\/www.ff-ab.se\/wp-content\/uploads\/2022\/03\/ffab-logga.png","contentUrl":"https:\/\/www.ff-ab.se\/wp-content\/uploads\/2022\/03\/ffab-logga.png","width":1125,"height":515,"caption":"FFAB"},"image":{"@id":"https:\/\/www.ff-ab.se\/en\/#\/schema\/logo\/image\/"}},{"@type":"Person","@id":"https:\/\/www.ff-ab.se\/en\/#\/schema\/person\/b6b3ffb60639376dfd7ec9499c4003e0","name":"Stefan Larsson","image":{"@type":"ImageObject","inLanguage":"en-US","@id":"https:\/\/www.ff-ab.se\/en\/#\/schema\/person\/image\/","url":"https:\/\/secure.gravatar.com\/avatar\/0b43dbab76d6b5be1847ed9530412f71?s=96&d=mm&r=g","contentUrl":"https:\/\/secure.gravatar.com\/avatar\/0b43dbab76d6b5be1847ed9530412f71?s=96&d=mm&r=g","caption":"Stefan Larsson"},"url":"https:\/\/www.ff-ab.se\/en\/author\/andrew\/"}]}},"uagb_featured_image_src":{"full":["https:\/\/www.ff-ab.se\/wp-content\/uploads\/2022\/03\/ursvik_grund-e1586422259912-768x599-1.jpg",768,599,false],"thumbnail":["https:\/\/www.ff-ab.se\/wp-content\/uploads\/2022\/03\/ursvik_grund-e1586422259912-768x599-1-150x150.jpg",150,150,true],"medium":["https:\/\/www.ff-ab.se\/wp-content\/uploads\/2022\/03\/ursvik_grund-e1586422259912-768x599-1-300x234.jpg",300,234,true],"medium_large":["https:\/\/www.ff-ab.se\/wp-content\/uploads\/2022\/03\/ursvik_grund-e1586422259912-768x599-1.jpg",768,599,false],"large":["https:\/\/www.ff-ab.se\/wp-content\/uploads\/2022\/03\/ursvik_grund-e1586422259912-768x599-1.jpg",768,599,false],"1536x1536":["https:\/\/www.ff-ab.se\/wp-content\/uploads\/2022\/03\/ursvik_grund-e1586422259912-768x599-1.jpg",768,599,false],"2048x2048":["https:\/\/www.ff-ab.se\/wp-content\/uploads\/2022\/03\/ursvik_grund-e1586422259912-768x599-1.jpg",768,599,false]},"uagb_author_info":{"display_name":"Stefan Larsson","author_link":"https:\/\/www.ff-ab.se\/en\/author\/andrew\/"},"uagb_comment_info":0,"uagb_excerpt":null,"_links":{"self":[{"href":"https:\/\/www.ff-ab.se\/en\/wp-json\/wp\/v2\/posts\/3402","targetHints":{"allow":["GET"]}}],"collection":[{"href":"https:\/\/www.ff-ab.se\/en\/wp-json\/wp\/v2\/posts"}],"about":[{"href":"https:\/\/www.ff-ab.se\/en\/wp-json\/wp\/v2\/types\/post"}],"author":[{"embeddable":true,"href":"https:\/\/www.ff-ab.se\/en\/wp-json\/wp\/v2\/users\/5"}],"replies":[{"embeddable":true,"href":"https:\/\/www.ff-ab.se\/en\/wp-json\/wp\/v2\/comments?post=3402"}],"version-history":[{"count":4,"href":"https:\/\/www.ff-ab.se\/en\/wp-json\/wp\/v2\/posts\/3402\/revisions"}],"predecessor-version":[{"id":3574,"href":"https:\/\/www.ff-ab.se\/en\/wp-json\/wp\/v2\/posts\/3402\/revisions\/3574"}],"wp:featuredmedia":[{"embeddable":true,"href":"https:\/\/www.ff-ab.se\/en\/wp-json\/wp\/v2\/media\/3185"}],"wp:attachment":[{"href":"https:\/\/www.ff-ab.se\/en\/wp-json\/wp\/v2\/media?parent=3402"}],"wp:term":[{"taxonomy":"category","embeddable":true,"href":"https:\/\/www.ff-ab.se\/en\/wp-json\/wp\/v2\/categories?post=3402"},{"taxonomy":"post_tag","embeddable":true,"href":"https:\/\/www.ff-ab.se\/en\/wp-json\/wp\/v2\/tags?post=3402"}],"curies":[{"name":"wp","href":"https:\/\/api.w.org\/{rel}","templated":true}]}}