{"id":3430,"date":"2021-01-15T09:23:13","date_gmt":"2021-01-15T09:23:13","guid":{"rendered":"https:\/\/www.ff-ab.se\/for-niklas-the-patio-was-crucial\/"},"modified":"2024-11-11T16:01:57","modified_gmt":"2024-11-11T16:01:57","slug":"for-niklas-the-patio-was-crucial","status":"publish","type":"post","link":"https:\/\/www.ff-ab.se\/en\/for-niklas-the-patio-was-crucial\/","title":{"rendered":"For Niklas, the patio was crucial"},"content":{"rendered":"<div class=\"gb-grid-wrapper gb-grid-wrapper-fa42bba9\">\n<div class=\"gb-grid-column gb-grid-column-aeaf4793\"><div class=\"gb-container gb-container-aeaf4793\"><div class=\"gb-inside-container\">\n\n<p><strong>When Niklas Trang, 29, sold his previous apartment in Rissne, he wanted to find a new home with a patio at least as large as the one he had previously had. Since Niklas has friends who live in Ursvik, he knew it was a great area for both him and his dog. There was only one requirement: a large patio. <\/strong><\/p>\n\n\n\n<p>&#8211; When I saw the ad on Hemnet about FFAB&#8217;s newly produced apartments, I immediately went to look at this ground-floor apartment. The patio was not quite ready, but I still registered my interest right away.<\/p>\n\n\n\n<div class=\"wp-block-uagb-info-box uagb-block-5265753b uagb-infobox__content-wrap  uagb-infobox-icon-above-title uagb-infobox-image-valign-top\"><div class=\"uagb-ifb-content\"><div class=\"uagb-ifb-title-wrap\"><h3 class=\"uagb-ifb-title\"><em>&#8220;It was twenty-four nervous hours of nail-biting.&#8221;<\/em><\/h3><\/div><div class=\"uagb-ifb-button-wrapper wp-block-button\"><a href=\"#\" target=\"_self\" class=\"uagb-infobox-cta-link\" rel=\"noopener noreferrer\" alt=\"\"><span class=\"uagb-inline-editing\">Read More<\/span><\/a><\/div><\/div><\/div>\n\n\n\n<p>But more people than Niklas liked the apartment with the large patio, and it was already pre-booked. However, ERA&#8217;s broker promised that Niklas would get first dibs if the purchase did not go through.<\/p>\n\n\n\n<p>\u2013 It was twenty-four nervous hours of nail-biting. When the buyer dropped out and I got the chance to buy the apartment, everything went very quickly and smoothly.<\/p>\n\n<\/div><\/div><\/div>\n<\/div><div class=\"gb-grid-wrapper gb-grid-wrapper-3215a0fd\">\n<div class=\"gb-grid-column gb-grid-column-47e038be\"><div class=\"gb-container gb-container-47e038be\"><div class=\"gb-inside-container\">\n\n<h4 class=\"wp-block-heading\">What do you like best about the apartment besides the patio?<\/h4>\n\n\n\n<p>\u2013 It is very cleverly planned with fine details and a beautiful stone floor. The kitchen has avocado green cabinets and a modern industrial feel that suits my style perfectly. I love the height of the ceilings, the space and the large floor-to-ceiling windows facing the patio.<\/p>\n\n\n\n<h4 class=\"wp-block-heading\">Was there anything that surprised you?<\/h4>\n\n\n\n<p>&#8211; Haha, yes indeed. It turned out that the patio was bigger than I thought. It wasn&#8217;t finished when I saw it, and it turned out that the eight square meter lawn was also included. It was a very nice surprise, and I can&#8217;t wait for spring to decorate my new barbecue and patio.<\/p>\n\n<\/div><\/div><\/div>\n\n<div class=\"gb-grid-column gb-grid-column-b549eda3\"><div class=\"gb-container gb-container-b549eda3\"><div class=\"gb-inside-container\">\n\n<figure class=\"wp-block-image size-large\"><img loading=\"lazy\" decoding=\"async\" width=\"1024\" height=\"683\" src=\"https:\/\/www.ff-ab.se\/wp-content\/uploads\/2021\/01\/JW_perfectshot_DSC2102_web-1024x683.jpg\" alt=\"\" class=\"wp-image-980\" srcset=\"https:\/\/www.ff-ab.se\/wp-content\/uploads\/2021\/01\/JW_perfectshot_DSC2102_web-1024x683.jpg 1024w, https:\/\/www.ff-ab.se\/wp-content\/uploads\/2021\/01\/JW_perfectshot_DSC2102_web-300x200.jpg 300w, https:\/\/www.ff-ab.se\/wp-content\/uploads\/2021\/01\/JW_perfectshot_DSC2102_web-768x512.jpg 768w, https:\/\/www.ff-ab.se\/wp-content\/uploads\/2021\/01\/JW_perfectshot_DSC2102_web-575x383.jpg 575w, https:\/\/www.ff-ab.se\/wp-content\/uploads\/2021\/01\/JW_perfectshot_DSC2102_web-992x661.jpg 992w, https:\/\/www.ff-ab.se\/wp-content\/uploads\/2021\/01\/JW_perfectshot_DSC2102_web.jpg 1152w\" sizes=\"auto, (max-width: 1024px) 100vw, 1024px\" \/><\/figure>\n\n<\/div><\/div><\/div>\n<\/div>","protected":false},"excerpt":{"rendered":"","protected":false},"author":5,"featured_media":3262,"comment_status":"closed","ping_status":"open","sticky":false,"template":"","format":"standard","meta":{"_uag_custom_page_level_css":"","footnotes":""},"categories":[47,32],"tags":[],"class_list":["post-3430","post","type-post","status-publish","format-standard","has-post-thumbnail","hentry","category-inspiration-en","category-okategoriserad"],"featured_image_src":"https:\/\/www.ff-ab.se\/wp-content\/uploads\/2021\/01\/image0_16x9-1.jpg","author_info":{"display_name":"Stefan Larsson","author_link":"https:\/\/www.ff-ab.se\/en\/author\/andrew\/"},"yoast_head":"<!-- This site is optimized with the Yoast SEO plugin v26.8 - https:\/\/yoast.com\/product\/yoast-seo-wordpress\/ -->\n<title>For Niklas, the patio was crucial - FFAB<\/title>\n<meta name=\"description\" content=\"When I saw the ad on Hemnet about FFAB&#039;s newly produced apartments, I immediately went to look at this ground-floor apartment.\" \/>\n<meta name=\"robots\" content=\"index, follow, max-snippet:-1, max-image-preview:large, max-video-preview:-1\" \/>\n<link rel=\"canonical\" href=\"https:\/\/www.ff-ab.se\/en\/for-niklas-the-patio-was-crucial\/\" \/>\n<meta property=\"og:locale\" content=\"en_US\" \/>\n<meta property=\"og:type\" content=\"article\" \/>\n<meta property=\"og:title\" content=\"For Niklas, the patio was crucial - FFAB\" \/>\n<meta property=\"og:description\" content=\"When I saw the ad on Hemnet about FFAB&#039;s newly produced apartments, I immediately went to look at this ground-floor apartment.\" \/>\n<meta property=\"og:url\" content=\"https:\/\/www.ff-ab.se\/en\/for-niklas-the-patio-was-crucial\/\" \/>\n<meta property=\"og:site_name\" content=\"FFAB\" \/>\n<meta property=\"article:published_time\" content=\"2021-01-15T09:23:13+00:00\" \/>\n<meta property=\"article:modified_time\" content=\"2024-11-11T16:01:57+00:00\" \/>\n<meta property=\"og:image\" content=\"https:\/\/www.ff-ab.se\/wp-content\/uploads\/2021\/01\/image0_16x9-1.jpg\" \/>\n\t<meta property=\"og:image:width\" content=\"1920\" \/>\n\t<meta property=\"og:image:height\" content=\"1081\" \/>\n\t<meta property=\"og:image:type\" content=\"image\/jpeg\" \/>\n<meta name=\"author\" content=\"Stefan Larsson\" \/>\n<meta name=\"twitter:card\" content=\"summary_large_image\" \/>\n<meta name=\"twitter:label1\" content=\"Written by\" \/>\n\t<meta name=\"twitter:data1\" content=\"Stefan Larsson\" \/>\n\t<meta name=\"twitter:label2\" content=\"Est. reading time\" \/>\n\t<meta name=\"twitter:data2\" content=\"1 minute\" \/>\n<script type=\"application\/ld+json\" class=\"yoast-schema-graph\">{\"@context\":\"https:\/\/schema.org\",\"@graph\":[{\"@type\":\"Article\",\"@id\":\"https:\/\/www.ff-ab.se\/en\/for-niklas-the-patio-was-crucial\/#article\",\"isPartOf\":{\"@id\":\"https:\/\/www.ff-ab.se\/en\/for-niklas-the-patio-was-crucial\/\"},\"author\":{\"name\":\"Stefan Larsson\",\"@id\":\"https:\/\/www.ff-ab.se\/en\/#\/schema\/person\/b6b3ffb60639376dfd7ec9499c4003e0\"},\"headline\":\"For Niklas, the patio was crucial\",\"datePublished\":\"2021-01-15T09:23:13+00:00\",\"dateModified\":\"2024-11-11T16:01:57+00:00\",\"mainEntityOfPage\":{\"@id\":\"https:\/\/www.ff-ab.se\/en\/for-niklas-the-patio-was-crucial\/\"},\"wordCount\":288,\"publisher\":{\"@id\":\"https:\/\/www.ff-ab.se\/en\/#organization\"},\"image\":{\"@id\":\"https:\/\/www.ff-ab.se\/en\/for-niklas-the-patio-was-crucial\/#primaryimage\"},\"thumbnailUrl\":\"https:\/\/www.ff-ab.se\/wp-content\/uploads\/2021\/01\/image0_16x9-1.jpg\",\"articleSection\":[\"Inspiration\",\"Okategoriserad\"],\"inLanguage\":\"en-US\"},{\"@type\":\"WebPage\",\"@id\":\"https:\/\/www.ff-ab.se\/en\/for-niklas-the-patio-was-crucial\/\",\"url\":\"https:\/\/www.ff-ab.se\/en\/for-niklas-the-patio-was-crucial\/\",\"name\":\"For Niklas, the patio was crucial - FFAB\",\"isPartOf\":{\"@id\":\"https:\/\/www.ff-ab.se\/en\/#website\"},\"primaryImageOfPage\":{\"@id\":\"https:\/\/www.ff-ab.se\/en\/for-niklas-the-patio-was-crucial\/#primaryimage\"},\"image\":{\"@id\":\"https:\/\/www.ff-ab.se\/en\/for-niklas-the-patio-was-crucial\/#primaryimage\"},\"thumbnailUrl\":\"https:\/\/www.ff-ab.se\/wp-content\/uploads\/2021\/01\/image0_16x9-1.jpg\",\"datePublished\":\"2021-01-15T09:23:13+00:00\",\"dateModified\":\"2024-11-11T16:01:57+00:00\",\"description\":\"When I saw the ad on Hemnet about FFAB's newly produced apartments, I immediately went to look at this ground-floor apartment.\",\"breadcrumb\":{\"@id\":\"https:\/\/www.ff-ab.se\/en\/for-niklas-the-patio-was-crucial\/#breadcrumb\"},\"inLanguage\":\"en-US\",\"potentialAction\":[{\"@type\":\"ReadAction\",\"target\":[\"https:\/\/www.ff-ab.se\/en\/for-niklas-the-patio-was-crucial\/\"]}]},{\"@type\":\"ImageObject\",\"inLanguage\":\"en-US\",\"@id\":\"https:\/\/www.ff-ab.se\/en\/for-niklas-the-patio-was-crucial\/#primaryimage\",\"url\":\"https:\/\/www.ff-ab.se\/wp-content\/uploads\/2021\/01\/image0_16x9-1.jpg\",\"contentUrl\":\"https:\/\/www.ff-ab.se\/wp-content\/uploads\/2021\/01\/image0_16x9-1.jpg\",\"width\":1920,\"height\":1081},{\"@type\":\"BreadcrumbList\",\"@id\":\"https:\/\/www.ff-ab.se\/en\/for-niklas-the-patio-was-crucial\/#breadcrumb\",\"itemListElement\":[{\"@type\":\"ListItem\",\"position\":1,\"name\":\"Home\",\"item\":\"https:\/\/www.ff-ab.se\/en\/\"},{\"@type\":\"ListItem\",\"position\":2,\"name\":\"For Niklas, the patio was crucial\"}]},{\"@type\":\"WebSite\",\"@id\":\"https:\/\/www.ff-ab.se\/en\/#website\",\"url\":\"https:\/\/www.ff-ab.se\/en\/\",\"name\":\"FFAB\",\"description\":\"VI SKAPAR ATTRAKTIVA BOST\u00c4DER OCH SAMH\u00c4LLSFASTIGHETER MED FOKUS P\u00c5 FUNKTIONALITET, DESIGN OCH KVALITET.\",\"publisher\":{\"@id\":\"https:\/\/www.ff-ab.se\/en\/#organization\"},\"potentialAction\":[{\"@type\":\"SearchAction\",\"target\":{\"@type\":\"EntryPoint\",\"urlTemplate\":\"https:\/\/www.ff-ab.se\/en\/?s={search_term_string}\"},\"query-input\":{\"@type\":\"PropertyValueSpecification\",\"valueRequired\":true,\"valueName\":\"search_term_string\"}}],\"inLanguage\":\"en-US\"},{\"@type\":\"Organization\",\"@id\":\"https:\/\/www.ff-ab.se\/en\/#organization\",\"name\":\"FFAB\",\"url\":\"https:\/\/www.ff-ab.se\/en\/\",\"logo\":{\"@type\":\"ImageObject\",\"inLanguage\":\"en-US\",\"@id\":\"https:\/\/www.ff-ab.se\/en\/#\/schema\/logo\/image\/\",\"url\":\"https:\/\/www.ff-ab.se\/wp-content\/uploads\/2022\/03\/ffab-logga.png\",\"contentUrl\":\"https:\/\/www.ff-ab.se\/wp-content\/uploads\/2022\/03\/ffab-logga.png\",\"width\":1125,\"height\":515,\"caption\":\"FFAB\"},\"image\":{\"@id\":\"https:\/\/www.ff-ab.se\/en\/#\/schema\/logo\/image\/\"}},{\"@type\":\"Person\",\"@id\":\"https:\/\/www.ff-ab.se\/en\/#\/schema\/person\/b6b3ffb60639376dfd7ec9499c4003e0\",\"name\":\"Stefan Larsson\",\"image\":{\"@type\":\"ImageObject\",\"inLanguage\":\"en-US\",\"@id\":\"https:\/\/www.ff-ab.se\/en\/#\/schema\/person\/image\/\",\"url\":\"https:\/\/secure.gravatar.com\/avatar\/0b43dbab76d6b5be1847ed9530412f71?s=96&d=mm&r=g\",\"contentUrl\":\"https:\/\/secure.gravatar.com\/avatar\/0b43dbab76d6b5be1847ed9530412f71?s=96&d=mm&r=g\",\"caption\":\"Stefan Larsson\"},\"url\":\"https:\/\/www.ff-ab.se\/en\/author\/andrew\/\"}]}<\/script>\n<!-- \/ Yoast SEO plugin. -->","yoast_head_json":{"title":"For Niklas, the patio was crucial - FFAB","description":"When I saw the ad on Hemnet about FFAB's newly produced apartments, I immediately went to look at this ground-floor apartment.","robots":{"index":"index","follow":"follow","max-snippet":"max-snippet:-1","max-image-preview":"max-image-preview:large","max-video-preview":"max-video-preview:-1"},"canonical":"https:\/\/www.ff-ab.se\/en\/for-niklas-the-patio-was-crucial\/","og_locale":"en_US","og_type":"article","og_title":"For Niklas, the patio was crucial - FFAB","og_description":"When I saw the ad on Hemnet about FFAB's newly produced apartments, I immediately went to look at this ground-floor apartment.","og_url":"https:\/\/www.ff-ab.se\/en\/for-niklas-the-patio-was-crucial\/","og_site_name":"FFAB","article_published_time":"2021-01-15T09:23:13+00:00","article_modified_time":"2024-11-11T16:01:57+00:00","og_image":[{"width":1920,"height":1081,"url":"https:\/\/www.ff-ab.se\/wp-content\/uploads\/2021\/01\/image0_16x9-1.jpg","type":"image\/jpeg"}],"author":"Stefan Larsson","twitter_card":"summary_large_image","twitter_misc":{"Written by":"Stefan Larsson","Est. reading time":"1 minute"},"schema":{"@context":"https:\/\/schema.org","@graph":[{"@type":"Article","@id":"https:\/\/www.ff-ab.se\/en\/for-niklas-the-patio-was-crucial\/#article","isPartOf":{"@id":"https:\/\/www.ff-ab.se\/en\/for-niklas-the-patio-was-crucial\/"},"author":{"name":"Stefan Larsson","@id":"https:\/\/www.ff-ab.se\/en\/#\/schema\/person\/b6b3ffb60639376dfd7ec9499c4003e0"},"headline":"For Niklas, the patio was crucial","datePublished":"2021-01-15T09:23:13+00:00","dateModified":"2024-11-11T16:01:57+00:00","mainEntityOfPage":{"@id":"https:\/\/www.ff-ab.se\/en\/for-niklas-the-patio-was-crucial\/"},"wordCount":288,"publisher":{"@id":"https:\/\/www.ff-ab.se\/en\/#organization"},"image":{"@id":"https:\/\/www.ff-ab.se\/en\/for-niklas-the-patio-was-crucial\/#primaryimage"},"thumbnailUrl":"https:\/\/www.ff-ab.se\/wp-content\/uploads\/2021\/01\/image0_16x9-1.jpg","articleSection":["Inspiration","Okategoriserad"],"inLanguage":"en-US"},{"@type":"WebPage","@id":"https:\/\/www.ff-ab.se\/en\/for-niklas-the-patio-was-crucial\/","url":"https:\/\/www.ff-ab.se\/en\/for-niklas-the-patio-was-crucial\/","name":"For Niklas, the patio was crucial - FFAB","isPartOf":{"@id":"https:\/\/www.ff-ab.se\/en\/#website"},"primaryImageOfPage":{"@id":"https:\/\/www.ff-ab.se\/en\/for-niklas-the-patio-was-crucial\/#primaryimage"},"image":{"@id":"https:\/\/www.ff-ab.se\/en\/for-niklas-the-patio-was-crucial\/#primaryimage"},"thumbnailUrl":"https:\/\/www.ff-ab.se\/wp-content\/uploads\/2021\/01\/image0_16x9-1.jpg","datePublished":"2021-01-15T09:23:13+00:00","dateModified":"2024-11-11T16:01:57+00:00","description":"When I saw the ad on Hemnet about FFAB's newly produced apartments, I immediately went to look at this ground-floor apartment.","breadcrumb":{"@id":"https:\/\/www.ff-ab.se\/en\/for-niklas-the-patio-was-crucial\/#breadcrumb"},"inLanguage":"en-US","potentialAction":[{"@type":"ReadAction","target":["https:\/\/www.ff-ab.se\/en\/for-niklas-the-patio-was-crucial\/"]}]},{"@type":"ImageObject","inLanguage":"en-US","@id":"https:\/\/www.ff-ab.se\/en\/for-niklas-the-patio-was-crucial\/#primaryimage","url":"https:\/\/www.ff-ab.se\/wp-content\/uploads\/2021\/01\/image0_16x9-1.jpg","contentUrl":"https:\/\/www.ff-ab.se\/wp-content\/uploads\/2021\/01\/image0_16x9-1.jpg","width":1920,"height":1081},{"@type":"BreadcrumbList","@id":"https:\/\/www.ff-ab.se\/en\/for-niklas-the-patio-was-crucial\/#breadcrumb","itemListElement":[{"@type":"ListItem","position":1,"name":"Home","item":"https:\/\/www.ff-ab.se\/en\/"},{"@type":"ListItem","position":2,"name":"For Niklas, the patio was crucial"}]},{"@type":"WebSite","@id":"https:\/\/www.ff-ab.se\/en\/#website","url":"https:\/\/www.ff-ab.se\/en\/","name":"FFAB","description":"VI SKAPAR ATTRAKTIVA BOST\u00c4DER OCH SAMH\u00c4LLSFASTIGHETER MED FOKUS P\u00c5 FUNKTIONALITET, DESIGN OCH KVALITET.","publisher":{"@id":"https:\/\/www.ff-ab.se\/en\/#organization"},"potentialAction":[{"@type":"SearchAction","target":{"@type":"EntryPoint","urlTemplate":"https:\/\/www.ff-ab.se\/en\/?s={search_term_string}"},"query-input":{"@type":"PropertyValueSpecification","valueRequired":true,"valueName":"search_term_string"}}],"inLanguage":"en-US"},{"@type":"Organization","@id":"https:\/\/www.ff-ab.se\/en\/#organization","name":"FFAB","url":"https:\/\/www.ff-ab.se\/en\/","logo":{"@type":"ImageObject","inLanguage":"en-US","@id":"https:\/\/www.ff-ab.se\/en\/#\/schema\/logo\/image\/","url":"https:\/\/www.ff-ab.se\/wp-content\/uploads\/2022\/03\/ffab-logga.png","contentUrl":"https:\/\/www.ff-ab.se\/wp-content\/uploads\/2022\/03\/ffab-logga.png","width":1125,"height":515,"caption":"FFAB"},"image":{"@id":"https:\/\/www.ff-ab.se\/en\/#\/schema\/logo\/image\/"}},{"@type":"Person","@id":"https:\/\/www.ff-ab.se\/en\/#\/schema\/person\/b6b3ffb60639376dfd7ec9499c4003e0","name":"Stefan Larsson","image":{"@type":"ImageObject","inLanguage":"en-US","@id":"https:\/\/www.ff-ab.se\/en\/#\/schema\/person\/image\/","url":"https:\/\/secure.gravatar.com\/avatar\/0b43dbab76d6b5be1847ed9530412f71?s=96&d=mm&r=g","contentUrl":"https:\/\/secure.gravatar.com\/avatar\/0b43dbab76d6b5be1847ed9530412f71?s=96&d=mm&r=g","caption":"Stefan Larsson"},"url":"https:\/\/www.ff-ab.se\/en\/author\/andrew\/"}]}},"uagb_featured_image_src":{"full":["https:\/\/www.ff-ab.se\/wp-content\/uploads\/2021\/01\/image0_16x9-1.jpg",1920,1081,false],"thumbnail":["https:\/\/www.ff-ab.se\/wp-content\/uploads\/2021\/01\/image0_16x9-1-150x150.jpg",150,150,true],"medium":["https:\/\/www.ff-ab.se\/wp-content\/uploads\/2021\/01\/image0_16x9-1-300x169.jpg",300,169,true],"medium_large":["https:\/\/www.ff-ab.se\/wp-content\/uploads\/2021\/01\/image0_16x9-1-768x432.jpg",768,432,true],"large":["https:\/\/www.ff-ab.se\/wp-content\/uploads\/2021\/01\/image0_16x9-1-1024x577.jpg",1024,577,true],"1536x1536":["https:\/\/www.ff-ab.se\/wp-content\/uploads\/2021\/01\/image0_16x9-1-1536x865.jpg",1536,865,true],"2048x2048":["https:\/\/www.ff-ab.se\/wp-content\/uploads\/2021\/01\/image0_16x9-1.jpg",1920,1081,false]},"uagb_author_info":{"display_name":"Stefan Larsson","author_link":"https:\/\/www.ff-ab.se\/en\/author\/andrew\/"},"uagb_comment_info":0,"uagb_excerpt":null,"_links":{"self":[{"href":"https:\/\/www.ff-ab.se\/en\/wp-json\/wp\/v2\/posts\/3430","targetHints":{"allow":["GET"]}}],"collection":[{"href":"https:\/\/www.ff-ab.se\/en\/wp-json\/wp\/v2\/posts"}],"about":[{"href":"https:\/\/www.ff-ab.se\/en\/wp-json\/wp\/v2\/types\/post"}],"author":[{"embeddable":true,"href":"https:\/\/www.ff-ab.se\/en\/wp-json\/wp\/v2\/users\/5"}],"replies":[{"embeddable":true,"href":"https:\/\/www.ff-ab.se\/en\/wp-json\/wp\/v2\/comments?post=3430"}],"version-history":[{"count":7,"href":"https:\/\/www.ff-ab.se\/en\/wp-json\/wp\/v2\/posts\/3430\/revisions"}],"predecessor-version":[{"id":4409,"href":"https:\/\/www.ff-ab.se\/en\/wp-json\/wp\/v2\/posts\/3430\/revisions\/4409"}],"wp:featuredmedia":[{"embeddable":true,"href":"https:\/\/www.ff-ab.se\/en\/wp-json\/wp\/v2\/media\/3262"}],"wp:attachment":[{"href":"https:\/\/www.ff-ab.se\/en\/wp-json\/wp\/v2\/media?parent=3430"}],"wp:term":[{"taxonomy":"category","embeddable":true,"href":"https:\/\/www.ff-ab.se\/en\/wp-json\/wp\/v2\/categories?post=3430"},{"taxonomy":"post_tag","embeddable":true,"href":"https:\/\/www.ff-ab.se\/en\/wp-json\/wp\/v2\/tags?post=3430"}],"curies":[{"name":"wp","href":"https:\/\/api.w.org\/{rel}","templated":true}]}}