{"id":3435,"date":"2021-03-05T12:25:11","date_gmt":"2021-03-05T12:25:11","guid":{"rendered":"https:\/\/www.ff-ab.se\/the-largest-care-home-in-the-nordic-region-brings-generations-together\/"},"modified":"2023-07-05T08:03:26","modified_gmt":"2023-07-05T08:03:26","slug":"the-largest-care-home-in-the-nordic-region-brings-generations-together","status":"publish","type":"post","link":"https:\/\/www.ff-ab.se\/en\/the-largest-care-home-in-the-nordic-region-brings-generations-together\/","title":{"rendered":"The largest care home in the Nordics brings generations together"},"content":{"rendered":"<div class=\"gb-grid-wrapper gb-grid-wrapper-a87f12bd\">\n<div class=\"gb-grid-column gb-grid-column-4b707849\"><div class=\"gb-container gb-container-4b707849\"><div class=\"gb-inside-container\">\n\n<p><strong>One kilometer north of Uppsala city center you find the Kapellg\u00e4rdet district. It is now the largest nursing home in the Nordic region and is also a place where several generations come together.<\/strong><\/p>\n\n\n\n<p>When Fastighetsf\u00f6r\u00e4dlarna i M\u00e4lardalen AB (FFAB) was given the opportunity to build community properties, they did not hesitate. The desire to take a modern approach to urban planning, to be involved in establishing social functions, and to enable a combination of preschool, nursing home, and housing association was already there when Jacob Sandberg started the company a decade ago.<\/p>\n\n\n\n<p>In December 2017, FFAB began one of its largest construction projects to date, Brf Block, which includes the V\u00e5rd Norra and V\u00e5rd S\u00f6dra care home. In addition to the two nursing homes \u2013 which, with their 201 apartments, will be the largest in the Nordic region \u2013 Block also consists of 158 newly built apartments, garages, and a kindergarten with four departments. It is an environmentally classified block that stands out among the other new buildings in the area.<\/p>\n\n<\/div><\/div><\/div>\n\n<div class=\"gb-grid-column gb-grid-column-07d32df5\"><div class=\"gb-container gb-container-07d32df5\"><div class=\"gb-inside-container\">\n\n<h3 class=\"wp-block-heading has-text-align-left has-black-color has-text-color\">&#8220;Since we were involved as early as the design stage, we were able to highlight our wishes, remove the institutional aura and instead create a pleasant hotel feel&#8221;<\/h3>\n\n\n\n<p class=\"has-text-align-left\">&#8211; Zarko Ristic, construction project manager at Attendo.<\/p>\n\n<\/div><\/div><\/div>\n<\/div><div class=\"gb-grid-wrapper gb-grid-wrapper-073a69be\">\n<div class=\"gb-grid-column gb-grid-column-e0ef6e30\"><div class=\"gb-container gb-container-e0ef6e30\"><div class=\"gb-inside-container\">\n\n<hr class=\"wp-block-separator has-text-color has-alpha-channel-opacity has-background is-style-dots\" style=\"background-color:#ffffff00;color:#ffffff00\"\/>\n\n\n\n<h2 class=\"wp-block-heading\">Creating good living environments<\/h2>\n\n\n\n<p>&#8211; Our vision is to build houses that stand out, no matter where in Sweden we build, and to create architecture that harmonizes with the surrounding environment. This was one of the reasons why we chose to build the outer walls on-site in Uppsala using bricks fired in Denmark. \u2013 We see Brf Block with its beautiful bricks and all the masonry details as a way to pay tribute to the land and the area, as Uppsala is known for its many brickworks that were here in the past, says Jacob Sandberg.<\/p>\n\n\n\n<p>After several months of planning together with, among others, Uppsala Municipality, architect Andreas Martin-L\u00f6f, Veidekke, and Rikshem, the long-term owner of the two nursing homes, construction began in the fall four years ago.<\/p>\n\n\n\n<p>Fredrik Edlund is Rikshem&#8217;s regional manager for M\u00e4lardalen:<\/p>\n\n\n\n<p>&#8211; To be given the question from FFAB of the opportunity to own community properties in a growing city like Uppsala was a long-awaited project. Kapellg\u00e4rdet is a very exciting area where we feel we can contribute to creating good living environments for people.<\/p>\n\n\n\n<hr class=\"wp-block-separator has-text-color has-alpha-channel-opacity has-background is-style-dots\" style=\"background-color:#ffffff00;color:#ffffff00\"\/>\n\n<\/div><\/div><\/div>\n\n<div class=\"gb-grid-column gb-grid-column-4ece1cf1\"><div class=\"gb-container gb-container-4ece1cf1\"><div class=\"gb-inside-container\">\n\n<figure class=\"wp-block-image size-large\"><img loading=\"lazy\" decoding=\"async\" width=\"1024\" height=\"1024\" src=\"https:\/\/www.ff-ab.se\/wp-content\/uploads\/2021\/03\/attendo_terass_web-1024x1024.jpg\" alt=\"\" class=\"wp-image-1030\" srcset=\"https:\/\/www.ff-ab.se\/wp-content\/uploads\/2021\/03\/attendo_terass_web-1024x1024.jpg 1024w, https:\/\/www.ff-ab.se\/wp-content\/uploads\/2021\/03\/attendo_terass_web-300x300.jpg 300w, https:\/\/www.ff-ab.se\/wp-content\/uploads\/2021\/03\/attendo_terass_web-150x150.jpg 150w, https:\/\/www.ff-ab.se\/wp-content\/uploads\/2021\/03\/attendo_terass_web-768x768.jpg 768w, https:\/\/www.ff-ab.se\/wp-content\/uploads\/2021\/03\/attendo_terass_web-575x575.jpg 575w, https:\/\/www.ff-ab.se\/wp-content\/uploads\/2021\/03\/attendo_terass_web-992x992.jpg 992w, https:\/\/www.ff-ab.se\/wp-content\/uploads\/2021\/03\/attendo_terass_web.jpg 1080w\" sizes=\"auto, (max-width: 1024px) 100vw, 1024px\" \/><\/figure>\n\n\n\n<hr class=\"wp-block-separator has-text-color has-alpha-channel-opacity has-background is-style-dots\" style=\"background-color:#ffffff00;color:#ffffff00\"\/>\n\n<\/div><\/div><\/div>\n<\/div><div class=\"gb-grid-wrapper gb-grid-wrapper-35f3ab05\">\n<div class=\"gb-grid-column gb-grid-column-4ef43e1f\"><div class=\"gb-container gb-container-4ef43e1f\"><div class=\"gb-inside-container\">\n\n<h2 class=\"wp-block-heading\"><strong>A courtyard that brings generations together<\/strong><\/h2>\n\n\n\n<p>To be able to follow the company&#8217;s vision of always creating added value for the residents and the best conditions for the community, FFAB has, among other things, built a courtyard that is shared by the housing association, preschool, and retirement home.<\/p>\n\n\n\n<p>\u2013 In this type of construction, it is not self-evident that the healthcare company should be involved from the outset. But we really wanted the tenant Attendo to give its input already in the planning stage so that we together could realize a unique and functional nursing home, says Jacob Sandberg.<\/p>\n\n\n\n<p>The construction of the two care buildings has also been a challenge from an operational perspective, due to the municipality&#8217;s requirements for the design of the detailed plan.<\/p>\n\n\n\n<p>\u2013 Of course we wanted to ensure that the accommodation was as efficient as possible, but without skimping on details and surfaces that add a premium feel and comfort, says Zarko Ristic, construction project manager and project manager at Attendo.<\/p>\n\n\n\n<hr class=\"wp-block-separator has-text-color has-alpha-channel-opacity has-background is-style-dots\" style=\"background-color:#ffffff00;color:#ffffff00\"\/>\n\n<\/div><\/div><\/div>\n\n<div class=\"gb-grid-column gb-grid-column-1216c8d6\"><div class=\"gb-container gb-container-1216c8d6\"><div class=\"gb-inside-container\">\n\n<figure class=\"wp-block-image size-large\"><img decoding=\"async\" src=\"https:\/\/www.ff-ab.se\/wp-content\/uploads\/2021\/03\/innerga&#x30A;rd_web-1024x898.jpg\" alt=\"\" class=\"wp-image-1032\"\/><\/figure>\n\n<\/div><\/div><\/div>\n<\/div><div class=\"gb-grid-wrapper gb-grid-wrapper-9f4406cf\">\n<div class=\"gb-grid-column gb-grid-column-87faa4ec\"><div class=\"gb-container gb-container-87faa4ec\"><div class=\"gb-inside-container\">\n\n<hr class=\"wp-block-separator has-text-color has-alpha-channel-opacity has-background is-style-dots\" style=\"background-color:#ffffff00;color:#ffffff00\"\/>\n\n\n\n<h2 class=\"wp-block-heading\"><strong>Sport or culture? Two different housing concepts<\/strong><\/h2>\n\n\n\n<p>The two care buildings have different concepts. V\u00e5rd Norra, which was completed a year ago, has a sports and spa theme. The theme of V\u00e5rd S\u00f6dra is culture and entertainment. What both houses have in common, however, is a spacious glazed terrace with a breathtaking view of the whole city of Uppsala.<\/p>\n\n\n\n<p>\u2013 Since we were involved as early as the design stage, we were able to highlight our wishes, remove the institutional aura and instead create a pleasant hotel feel It feels luxurious when you enter Attendo&#8217;s entrance with high ceilings, beautiful materials, and carefully selected colors, says Zarko Ristic.<\/p>\n\n\n\n<p>There are offices and staff rooms on the tenth floor and a large laundry room in the basement. For the convenience of staff, there are also convenient laundry drop-off points on each floor, so the laundry goes straight to the basement and staff don&#8217;t have to go up and down. In the courtyard, there are social areas, a pergola with an adjacent boule court and barbecue area, as well as sound columns that play music and read stories to anyone who wants to be entertained.<\/p>\n\n\n\n<p>\u2013 We truly believe that everyone benefits from each other and the shared courtyard. The largest care home in the Nordic region is more than just a home. In this block, we have brought together condominiums, a preschool, and a retirement home &#8211; different stages of life united in the same area,&#8221; says Jacob Sandberg.<\/p>\n\n\n\n<hr class=\"wp-block-separator has-text-color has-black-color has-alpha-channel-opacity has-black-background-color has-background is-style-dots\"\/>\n\n<\/div><\/div><\/div>\n<\/div>","protected":false},"excerpt":{"rendered":"","protected":false},"author":5,"featured_media":3256,"comment_status":"closed","ping_status":"open","sticky":false,"template":"","format":"standard","meta":{"_uag_custom_page_level_css":"","footnotes":""},"categories":[47,45,32],"tags":[],"class_list":["post-3435","post","type-post","status-publish","format-standard","has-post-thumbnail","hentry","category-inspiration-en","category-news","category-okategoriserad"],"featured_image_src":"https:\/\/www.ff-ab.se\/wp-content\/uploads\/2021\/03\/Va\u030ardboende_sol.jpg","author_info":{"display_name":"Stefan Larsson","author_link":"https:\/\/www.ff-ab.se\/en\/author\/andrew\/"},"yoast_head":"<!-- This site is optimized with the Yoast SEO plugin v26.8 - https:\/\/yoast.com\/product\/yoast-seo-wordpress\/ -->\n<title>The largest care home in the Nordics brings generations together - FFAB<\/title>\n<meta name=\"description\" content=\"When Fastighetsf\u00f6r\u00e4dlarna i M\u00e4lardalen AB (FFAB) was given the opportunity to build community properties, they did not hesitate.\" \/>\n<meta name=\"robots\" content=\"index, follow, max-snippet:-1, max-image-preview:large, max-video-preview:-1\" \/>\n<link rel=\"canonical\" href=\"https:\/\/www.ff-ab.se\/en\/the-largest-care-home-in-the-nordic-region-brings-generations-together\/\" \/>\n<meta property=\"og:locale\" content=\"en_US\" \/>\n<meta property=\"og:type\" content=\"article\" \/>\n<meta property=\"og:title\" content=\"The largest care home in the Nordics brings generations together - FFAB\" \/>\n<meta property=\"og:description\" content=\"When Fastighetsf\u00f6r\u00e4dlarna i M\u00e4lardalen AB (FFAB) was given the opportunity to build community properties, they did not hesitate.\" \/>\n<meta property=\"og:url\" content=\"https:\/\/www.ff-ab.se\/en\/the-largest-care-home-in-the-nordic-region-brings-generations-together\/\" \/>\n<meta property=\"og:site_name\" content=\"FFAB\" \/>\n<meta property=\"article:published_time\" content=\"2021-03-05T12:25:11+00:00\" \/>\n<meta property=\"article:modified_time\" content=\"2023-07-05T08:03:26+00:00\" \/>\n<meta property=\"og:image\" content=\"https:\/\/www.ff-ab.se\/wp-content\/uploads\/2021\/03\/Va\u030ardboende_sol.jpg\" \/>\n\t<meta property=\"og:image:width\" content=\"1350\" \/>\n\t<meta property=\"og:image:height\" content=\"760\" \/>\n\t<meta property=\"og:image:type\" content=\"image\/jpeg\" \/>\n<meta name=\"author\" content=\"Stefan Larsson\" \/>\n<meta name=\"twitter:card\" content=\"summary_large_image\" \/>\n<meta name=\"twitter:label1\" content=\"Written by\" \/>\n\t<meta name=\"twitter:data1\" content=\"Stefan Larsson\" \/>\n\t<meta name=\"twitter:label2\" content=\"Est. reading time\" \/>\n\t<meta name=\"twitter:data2\" content=\"4 minutes\" \/>\n<script type=\"application\/ld+json\" class=\"yoast-schema-graph\">{\"@context\":\"https:\/\/schema.org\",\"@graph\":[{\"@type\":\"Article\",\"@id\":\"https:\/\/www.ff-ab.se\/en\/the-largest-care-home-in-the-nordic-region-brings-generations-together\/#article\",\"isPartOf\":{\"@id\":\"https:\/\/www.ff-ab.se\/en\/the-largest-care-home-in-the-nordic-region-brings-generations-together\/\"},\"author\":{\"name\":\"Stefan Larsson\",\"@id\":\"https:\/\/www.ff-ab.se\/en\/#\/schema\/person\/b6b3ffb60639376dfd7ec9499c4003e0\"},\"headline\":\"The largest care home in the Nordics brings generations together\",\"datePublished\":\"2021-03-05T12:25:11+00:00\",\"dateModified\":\"2023-07-05T08:03:26+00:00\",\"mainEntityOfPage\":{\"@id\":\"https:\/\/www.ff-ab.se\/en\/the-largest-care-home-in-the-nordic-region-brings-generations-together\/\"},\"wordCount\":816,\"publisher\":{\"@id\":\"https:\/\/www.ff-ab.se\/en\/#organization\"},\"image\":{\"@id\":\"https:\/\/www.ff-ab.se\/en\/the-largest-care-home-in-the-nordic-region-brings-generations-together\/#primaryimage\"},\"thumbnailUrl\":\"https:\/\/www.ff-ab.se\/wp-content\/uploads\/2021\/03\/Va\u030ardboende_sol.jpg\",\"articleSection\":[\"Inspiration\",\"News\",\"Okategoriserad\"],\"inLanguage\":\"en-US\"},{\"@type\":\"WebPage\",\"@id\":\"https:\/\/www.ff-ab.se\/en\/the-largest-care-home-in-the-nordic-region-brings-generations-together\/\",\"url\":\"https:\/\/www.ff-ab.se\/en\/the-largest-care-home-in-the-nordic-region-brings-generations-together\/\",\"name\":\"The largest care home in the Nordics brings generations together - FFAB\",\"isPartOf\":{\"@id\":\"https:\/\/www.ff-ab.se\/en\/#website\"},\"primaryImageOfPage\":{\"@id\":\"https:\/\/www.ff-ab.se\/en\/the-largest-care-home-in-the-nordic-region-brings-generations-together\/#primaryimage\"},\"image\":{\"@id\":\"https:\/\/www.ff-ab.se\/en\/the-largest-care-home-in-the-nordic-region-brings-generations-together\/#primaryimage\"},\"thumbnailUrl\":\"https:\/\/www.ff-ab.se\/wp-content\/uploads\/2021\/03\/Va\u030ardboende_sol.jpg\",\"datePublished\":\"2021-03-05T12:25:11+00:00\",\"dateModified\":\"2023-07-05T08:03:26+00:00\",\"description\":\"When Fastighetsf\u00f6r\u00e4dlarna i M\u00e4lardalen AB (FFAB) was given the opportunity to build community properties, they did not hesitate.\",\"breadcrumb\":{\"@id\":\"https:\/\/www.ff-ab.se\/en\/the-largest-care-home-in-the-nordic-region-brings-generations-together\/#breadcrumb\"},\"inLanguage\":\"en-US\",\"potentialAction\":[{\"@type\":\"ReadAction\",\"target\":[\"https:\/\/www.ff-ab.se\/en\/the-largest-care-home-in-the-nordic-region-brings-generations-together\/\"]}]},{\"@type\":\"ImageObject\",\"inLanguage\":\"en-US\",\"@id\":\"https:\/\/www.ff-ab.se\/en\/the-largest-care-home-in-the-nordic-region-brings-generations-together\/#primaryimage\",\"url\":\"https:\/\/www.ff-ab.se\/wp-content\/uploads\/2021\/03\/Va\u030ardboende_sol.jpg\",\"contentUrl\":\"https:\/\/www.ff-ab.se\/wp-content\/uploads\/2021\/03\/Va\u030ardboende_sol.jpg\",\"width\":1350,\"height\":760},{\"@type\":\"BreadcrumbList\",\"@id\":\"https:\/\/www.ff-ab.se\/en\/the-largest-care-home-in-the-nordic-region-brings-generations-together\/#breadcrumb\",\"itemListElement\":[{\"@type\":\"ListItem\",\"position\":1,\"name\":\"Home\",\"item\":\"https:\/\/www.ff-ab.se\/en\/\"},{\"@type\":\"ListItem\",\"position\":2,\"name\":\"The largest care home in the Nordics brings generations together\"}]},{\"@type\":\"WebSite\",\"@id\":\"https:\/\/www.ff-ab.se\/en\/#website\",\"url\":\"https:\/\/www.ff-ab.se\/en\/\",\"name\":\"FFAB\",\"description\":\"VI SKAPAR ATTRAKTIVA BOST\u00c4DER OCH SAMH\u00c4LLSFASTIGHETER MED FOKUS P\u00c5 FUNKTIONALITET, DESIGN OCH KVALITET.\",\"publisher\":{\"@id\":\"https:\/\/www.ff-ab.se\/en\/#organization\"},\"potentialAction\":[{\"@type\":\"SearchAction\",\"target\":{\"@type\":\"EntryPoint\",\"urlTemplate\":\"https:\/\/www.ff-ab.se\/en\/?s={search_term_string}\"},\"query-input\":{\"@type\":\"PropertyValueSpecification\",\"valueRequired\":true,\"valueName\":\"search_term_string\"}}],\"inLanguage\":\"en-US\"},{\"@type\":\"Organization\",\"@id\":\"https:\/\/www.ff-ab.se\/en\/#organization\",\"name\":\"FFAB\",\"url\":\"https:\/\/www.ff-ab.se\/en\/\",\"logo\":{\"@type\":\"ImageObject\",\"inLanguage\":\"en-US\",\"@id\":\"https:\/\/www.ff-ab.se\/en\/#\/schema\/logo\/image\/\",\"url\":\"https:\/\/www.ff-ab.se\/wp-content\/uploads\/2022\/03\/ffab-logga.png\",\"contentUrl\":\"https:\/\/www.ff-ab.se\/wp-content\/uploads\/2022\/03\/ffab-logga.png\",\"width\":1125,\"height\":515,\"caption\":\"FFAB\"},\"image\":{\"@id\":\"https:\/\/www.ff-ab.se\/en\/#\/schema\/logo\/image\/\"}},{\"@type\":\"Person\",\"@id\":\"https:\/\/www.ff-ab.se\/en\/#\/schema\/person\/b6b3ffb60639376dfd7ec9499c4003e0\",\"name\":\"Stefan Larsson\",\"image\":{\"@type\":\"ImageObject\",\"inLanguage\":\"en-US\",\"@id\":\"https:\/\/www.ff-ab.se\/en\/#\/schema\/person\/image\/\",\"url\":\"https:\/\/secure.gravatar.com\/avatar\/0b43dbab76d6b5be1847ed9530412f71?s=96&d=mm&r=g\",\"contentUrl\":\"https:\/\/secure.gravatar.com\/avatar\/0b43dbab76d6b5be1847ed9530412f71?s=96&d=mm&r=g\",\"caption\":\"Stefan Larsson\"},\"url\":\"https:\/\/www.ff-ab.se\/en\/author\/andrew\/\"}]}<\/script>\n<!-- \/ Yoast SEO plugin. -->","yoast_head_json":{"title":"The largest care home in the Nordics brings generations together - FFAB","description":"When Fastighetsf\u00f6r\u00e4dlarna i M\u00e4lardalen AB (FFAB) was given the opportunity to build community properties, they did not hesitate.","robots":{"index":"index","follow":"follow","max-snippet":"max-snippet:-1","max-image-preview":"max-image-preview:large","max-video-preview":"max-video-preview:-1"},"canonical":"https:\/\/www.ff-ab.se\/en\/the-largest-care-home-in-the-nordic-region-brings-generations-together\/","og_locale":"en_US","og_type":"article","og_title":"The largest care home in the Nordics brings generations together - FFAB","og_description":"When Fastighetsf\u00f6r\u00e4dlarna i M\u00e4lardalen AB (FFAB) was given the opportunity to build community properties, they did not hesitate.","og_url":"https:\/\/www.ff-ab.se\/en\/the-largest-care-home-in-the-nordic-region-brings-generations-together\/","og_site_name":"FFAB","article_published_time":"2021-03-05T12:25:11+00:00","article_modified_time":"2023-07-05T08:03:26+00:00","og_image":[{"width":1350,"height":760,"url":"https:\/\/www.ff-ab.se\/wp-content\/uploads\/2021\/03\/Va\u030ardboende_sol.jpg","type":"image\/jpeg"}],"author":"Stefan Larsson","twitter_card":"summary_large_image","twitter_misc":{"Written by":"Stefan Larsson","Est. reading time":"4 minutes"},"schema":{"@context":"https:\/\/schema.org","@graph":[{"@type":"Article","@id":"https:\/\/www.ff-ab.se\/en\/the-largest-care-home-in-the-nordic-region-brings-generations-together\/#article","isPartOf":{"@id":"https:\/\/www.ff-ab.se\/en\/the-largest-care-home-in-the-nordic-region-brings-generations-together\/"},"author":{"name":"Stefan Larsson","@id":"https:\/\/www.ff-ab.se\/en\/#\/schema\/person\/b6b3ffb60639376dfd7ec9499c4003e0"},"headline":"The largest care home in the Nordics brings generations together","datePublished":"2021-03-05T12:25:11+00:00","dateModified":"2023-07-05T08:03:26+00:00","mainEntityOfPage":{"@id":"https:\/\/www.ff-ab.se\/en\/the-largest-care-home-in-the-nordic-region-brings-generations-together\/"},"wordCount":816,"publisher":{"@id":"https:\/\/www.ff-ab.se\/en\/#organization"},"image":{"@id":"https:\/\/www.ff-ab.se\/en\/the-largest-care-home-in-the-nordic-region-brings-generations-together\/#primaryimage"},"thumbnailUrl":"https:\/\/www.ff-ab.se\/wp-content\/uploads\/2021\/03\/Va\u030ardboende_sol.jpg","articleSection":["Inspiration","News","Okategoriserad"],"inLanguage":"en-US"},{"@type":"WebPage","@id":"https:\/\/www.ff-ab.se\/en\/the-largest-care-home-in-the-nordic-region-brings-generations-together\/","url":"https:\/\/www.ff-ab.se\/en\/the-largest-care-home-in-the-nordic-region-brings-generations-together\/","name":"The largest care home in the Nordics brings generations together - FFAB","isPartOf":{"@id":"https:\/\/www.ff-ab.se\/en\/#website"},"primaryImageOfPage":{"@id":"https:\/\/www.ff-ab.se\/en\/the-largest-care-home-in-the-nordic-region-brings-generations-together\/#primaryimage"},"image":{"@id":"https:\/\/www.ff-ab.se\/en\/the-largest-care-home-in-the-nordic-region-brings-generations-together\/#primaryimage"},"thumbnailUrl":"https:\/\/www.ff-ab.se\/wp-content\/uploads\/2021\/03\/Va\u030ardboende_sol.jpg","datePublished":"2021-03-05T12:25:11+00:00","dateModified":"2023-07-05T08:03:26+00:00","description":"When Fastighetsf\u00f6r\u00e4dlarna i M\u00e4lardalen AB (FFAB) was given the opportunity to build community properties, they did not hesitate.","breadcrumb":{"@id":"https:\/\/www.ff-ab.se\/en\/the-largest-care-home-in-the-nordic-region-brings-generations-together\/#breadcrumb"},"inLanguage":"en-US","potentialAction":[{"@type":"ReadAction","target":["https:\/\/www.ff-ab.se\/en\/the-largest-care-home-in-the-nordic-region-brings-generations-together\/"]}]},{"@type":"ImageObject","inLanguage":"en-US","@id":"https:\/\/www.ff-ab.se\/en\/the-largest-care-home-in-the-nordic-region-brings-generations-together\/#primaryimage","url":"https:\/\/www.ff-ab.se\/wp-content\/uploads\/2021\/03\/Va\u030ardboende_sol.jpg","contentUrl":"https:\/\/www.ff-ab.se\/wp-content\/uploads\/2021\/03\/Va\u030ardboende_sol.jpg","width":1350,"height":760},{"@type":"BreadcrumbList","@id":"https:\/\/www.ff-ab.se\/en\/the-largest-care-home-in-the-nordic-region-brings-generations-together\/#breadcrumb","itemListElement":[{"@type":"ListItem","position":1,"name":"Home","item":"https:\/\/www.ff-ab.se\/en\/"},{"@type":"ListItem","position":2,"name":"The largest care home in the Nordics brings generations together"}]},{"@type":"WebSite","@id":"https:\/\/www.ff-ab.se\/en\/#website","url":"https:\/\/www.ff-ab.se\/en\/","name":"FFAB","description":"VI SKAPAR ATTRAKTIVA BOST\u00c4DER OCH SAMH\u00c4LLSFASTIGHETER MED FOKUS P\u00c5 FUNKTIONALITET, DESIGN OCH KVALITET.","publisher":{"@id":"https:\/\/www.ff-ab.se\/en\/#organization"},"potentialAction":[{"@type":"SearchAction","target":{"@type":"EntryPoint","urlTemplate":"https:\/\/www.ff-ab.se\/en\/?s={search_term_string}"},"query-input":{"@type":"PropertyValueSpecification","valueRequired":true,"valueName":"search_term_string"}}],"inLanguage":"en-US"},{"@type":"Organization","@id":"https:\/\/www.ff-ab.se\/en\/#organization","name":"FFAB","url":"https:\/\/www.ff-ab.se\/en\/","logo":{"@type":"ImageObject","inLanguage":"en-US","@id":"https:\/\/www.ff-ab.se\/en\/#\/schema\/logo\/image\/","url":"https:\/\/www.ff-ab.se\/wp-content\/uploads\/2022\/03\/ffab-logga.png","contentUrl":"https:\/\/www.ff-ab.se\/wp-content\/uploads\/2022\/03\/ffab-logga.png","width":1125,"height":515,"caption":"FFAB"},"image":{"@id":"https:\/\/www.ff-ab.se\/en\/#\/schema\/logo\/image\/"}},{"@type":"Person","@id":"https:\/\/www.ff-ab.se\/en\/#\/schema\/person\/b6b3ffb60639376dfd7ec9499c4003e0","name":"Stefan Larsson","image":{"@type":"ImageObject","inLanguage":"en-US","@id":"https:\/\/www.ff-ab.se\/en\/#\/schema\/person\/image\/","url":"https:\/\/secure.gravatar.com\/avatar\/0b43dbab76d6b5be1847ed9530412f71?s=96&d=mm&r=g","contentUrl":"https:\/\/secure.gravatar.com\/avatar\/0b43dbab76d6b5be1847ed9530412f71?s=96&d=mm&r=g","caption":"Stefan Larsson"},"url":"https:\/\/www.ff-ab.se\/en\/author\/andrew\/"}]}},"uagb_featured_image_src":{"full":["https:\/\/www.ff-ab.se\/wp-content\/uploads\/2021\/03\/Va\u030ardboende_sol.jpg",1350,760,false],"thumbnail":["https:\/\/www.ff-ab.se\/wp-content\/uploads\/2021\/03\/Va\u030ardboende_sol-150x150.jpg",150,150,true],"medium":["https:\/\/www.ff-ab.se\/wp-content\/uploads\/2021\/03\/Va\u030ardboende_sol-300x169.jpg",300,169,true],"medium_large":["https:\/\/www.ff-ab.se\/wp-content\/uploads\/2021\/03\/Va\u030ardboende_sol-768x432.jpg",768,432,true],"large":["https:\/\/www.ff-ab.se\/wp-content\/uploads\/2021\/03\/Va\u030ardboende_sol-1024x576.jpg",1024,576,true],"1536x1536":["https:\/\/www.ff-ab.se\/wp-content\/uploads\/2021\/03\/Va\u030ardboende_sol.jpg",1350,760,false],"2048x2048":["https:\/\/www.ff-ab.se\/wp-content\/uploads\/2021\/03\/Va\u030ardboende_sol.jpg",1350,760,false]},"uagb_author_info":{"display_name":"Stefan Larsson","author_link":"https:\/\/www.ff-ab.se\/en\/author\/andrew\/"},"uagb_comment_info":0,"uagb_excerpt":null,"_links":{"self":[{"href":"https:\/\/www.ff-ab.se\/en\/wp-json\/wp\/v2\/posts\/3435","targetHints":{"allow":["GET"]}}],"collection":[{"href":"https:\/\/www.ff-ab.se\/en\/wp-json\/wp\/v2\/posts"}],"about":[{"href":"https:\/\/www.ff-ab.se\/en\/wp-json\/wp\/v2\/types\/post"}],"author":[{"embeddable":true,"href":"https:\/\/www.ff-ab.se\/en\/wp-json\/wp\/v2\/users\/5"}],"replies":[{"embeddable":true,"href":"https:\/\/www.ff-ab.se\/en\/wp-json\/wp\/v2\/comments?post=3435"}],"version-history":[{"count":5,"href":"https:\/\/www.ff-ab.se\/en\/wp-json\/wp\/v2\/posts\/3435\/revisions"}],"predecessor-version":[{"id":4145,"href":"https:\/\/www.ff-ab.se\/en\/wp-json\/wp\/v2\/posts\/3435\/revisions\/4145"}],"wp:featuredmedia":[{"embeddable":true,"href":"https:\/\/www.ff-ab.se\/en\/wp-json\/wp\/v2\/media\/3256"}],"wp:attachment":[{"href":"https:\/\/www.ff-ab.se\/en\/wp-json\/wp\/v2\/media?parent=3435"}],"wp:term":[{"taxonomy":"category","embeddable":true,"href":"https:\/\/www.ff-ab.se\/en\/wp-json\/wp\/v2\/categories?post=3435"},{"taxonomy":"post_tag","embeddable":true,"href":"https:\/\/www.ff-ab.se\/en\/wp-json\/wp\/v2\/tags?post=3435"}],"curies":[{"name":"wp","href":"https:\/\/api.w.org\/{rel}","templated":true}]}}