{"id":3462,"date":"2021-11-02T10:40:35","date_gmt":"2021-11-02T10:40:35","guid":{"rendered":"https:\/\/www.ff-ab.se\/fastighetsforadlarna-i-malardalen-establishes-itself-in-karlstad\/"},"modified":"2023-07-04T13:51:21","modified_gmt":"2023-07-04T13:51:21","slug":"fastighetsforadlarna-i-malardalen-establishes-itself-in-karlstad","status":"publish","type":"post","link":"https:\/\/www.ff-ab.se\/en\/fastighetsforadlarna-i-malardalen-establishes-itself-in-karlstad\/","title":{"rendered":"Fastighetsf\u00f6r\u00e4dlarna i M\u00e4lardalen establishes itself in Karlstad."},"content":{"rendered":"<div class=\"gb-grid-wrapper gb-grid-wrapper-38dbc3b8\">\n<div class=\"gb-grid-column gb-grid-column-1b8883b6\"><div class=\"gb-container gb-container-1b8883b6\"><div class=\"gb-inside-container\">\n\n<p><strong>It is now clear that FFAB, Fastighetsf\u00f6r\u00e4dlarna i M\u00e4lardalen AB, is entering new territory beyond M\u00e4lardalen. In Karlstad, we will construct a project property with a detailed plan for approximately 110 rental apartments. The area is already well established and the neighbor is one of the city&#8217;s more exclusive housing associations.<\/strong><\/p>\n\n\n\n<p><em>Andr\u00e9 Rosberg, Business Developer at FFAB, talks about the project:<\/em><\/p>\n\n\n\n<p>\u2013 We have been working hard to finalize this deal and now we are ready to start demolishing the existing buildings, cover off the rock, and then measure the heights of the site with a drone. It is inspiring that FFAB is broadening its market and thus opening up new business opportunities. Karlstad is an interesting city located in an exciting region. The municipality, which I have worked with before, warmly welcomes new players and has a clear ambition and a positive outlook, which gives FFAB the best conditions for doing more business in the region.<\/p>\n\n\n\n<p><em>Which target groups are you addressing?<\/em><\/p>\n\n\n\n<p>\u2013 The idea is to build space-efficient rental apartments for a category of people who are really in need of housing, for example, young adults. The buildings to be constructed will have The Nordic Swan Ecolabel certification and solar panels installed on the roof. Environmental thinking is important and something we take with us throughout the process and construction. FFAB will collaborate with <strong>\u00c5WL arkitekter<\/strong>, the architectural firm behind FFAB&#8217;s <strong>V\u00e5rd Norra<\/strong> and <strong>V\u00e5rd S\u00f6dra<\/strong> construction project at Kappelg\u00e4rdet in Uppsala, the largest nursing home in the Nordic region.<\/p>\n\n<\/div><\/div><\/div>\n\n<div class=\"gb-grid-column gb-grid-column-dd2a1826\"><div class=\"gb-container gb-container-dd2a1826\"><div class=\"gb-inside-container\">\n\n<h2 class=\"has-black-color has-text-color wp-block-heading\">&#8220;It feels inspiring that FFAB is broadening its market and thus opening up new business opportunities.&#8221;<\/h2>\n\n<\/div><\/div><\/div>\n<\/div>","protected":false},"excerpt":{"rendered":"","protected":false},"author":5,"featured_media":3249,"comment_status":"closed","ping_status":"open","sticky":false,"template":"","format":"standard","meta":{"_uag_custom_page_level_css":"","footnotes":""},"categories":[45,32],"tags":[],"class_list":["post-3462","post","type-post","status-publish","format-standard","has-post-thumbnail","hentry","category-news","category-okategoriserad"],"featured_image_src":"https:\/\/www.ff-ab.se\/wp-content\/uploads\/2021\/11\/Karlstad_genrebild_3.jpg","author_info":{"display_name":"Stefan Larsson","author_link":"https:\/\/www.ff-ab.se\/en\/author\/andrew\/"},"yoast_head":"<!-- This site is optimized with the Yoast SEO plugin v26.8 - https:\/\/yoast.com\/product\/yoast-seo-wordpress\/ -->\n<title>Fastighetsf\u00f6r\u00e4dlarna i M\u00e4lardalen establishes itself in Karlstad. - FFAB<\/title>\n<meta name=\"description\" content=\"FFAB enters new territory beyond M\u00e4lardalen. In Karlstad, a project property with about 110 rental apartments is being built, according to the detailed plan.\" \/>\n<meta name=\"robots\" content=\"index, follow, max-snippet:-1, max-image-preview:large, max-video-preview:-1\" \/>\n<link rel=\"canonical\" href=\"https:\/\/www.ff-ab.se\/en\/fastighetsforadlarna-i-malardalen-establishes-itself-in-karlstad\/\" \/>\n<meta property=\"og:locale\" content=\"en_US\" \/>\n<meta property=\"og:type\" content=\"article\" \/>\n<meta property=\"og:title\" content=\"Fastighetsf\u00f6r\u00e4dlarna i M\u00e4lardalen establishes itself in Karlstad. - FFAB\" \/>\n<meta property=\"og:description\" content=\"FFAB enters new territory beyond M\u00e4lardalen. In Karlstad, a project property with about 110 rental apartments is being built, according to the detailed plan.\" \/>\n<meta property=\"og:url\" content=\"https:\/\/www.ff-ab.se\/en\/fastighetsforadlarna-i-malardalen-establishes-itself-in-karlstad\/\" \/>\n<meta property=\"og:site_name\" content=\"FFAB\" \/>\n<meta property=\"article:published_time\" content=\"2021-11-02T10:40:35+00:00\" \/>\n<meta property=\"article:modified_time\" content=\"2023-07-04T13:51:21+00:00\" \/>\n<meta property=\"og:image\" content=\"https:\/\/www.ff-ab.se\/wp-content\/uploads\/2021\/11\/Karlstad_genrebild_3.jpg\" \/>\n\t<meta property=\"og:image:width\" content=\"1350\" \/>\n\t<meta property=\"og:image:height\" content=\"759\" \/>\n\t<meta property=\"og:image:type\" content=\"image\/jpeg\" \/>\n<meta name=\"author\" content=\"Stefan Larsson\" \/>\n<meta name=\"twitter:card\" content=\"summary_large_image\" \/>\n<meta name=\"twitter:label1\" content=\"Written by\" \/>\n\t<meta name=\"twitter:data1\" content=\"Stefan Larsson\" \/>\n\t<meta name=\"twitter:label2\" content=\"Est. reading time\" \/>\n\t<meta name=\"twitter:data2\" content=\"1 minute\" \/>\n<script type=\"application\/ld+json\" class=\"yoast-schema-graph\">{\"@context\":\"https:\/\/schema.org\",\"@graph\":[{\"@type\":\"Article\",\"@id\":\"https:\/\/www.ff-ab.se\/en\/fastighetsforadlarna-i-malardalen-establishes-itself-in-karlstad\/#article\",\"isPartOf\":{\"@id\":\"https:\/\/www.ff-ab.se\/en\/fastighetsforadlarna-i-malardalen-establishes-itself-in-karlstad\/\"},\"author\":{\"name\":\"Stefan Larsson\",\"@id\":\"https:\/\/www.ff-ab.se\/en\/#\/schema\/person\/b6b3ffb60639376dfd7ec9499c4003e0\"},\"headline\":\"Fastighetsf\u00f6r\u00e4dlarna i M\u00e4lardalen establishes itself in Karlstad.\",\"datePublished\":\"2021-11-02T10:40:35+00:00\",\"dateModified\":\"2023-07-04T13:51:21+00:00\",\"mainEntityOfPage\":{\"@id\":\"https:\/\/www.ff-ab.se\/en\/fastighetsforadlarna-i-malardalen-establishes-itself-in-karlstad\/\"},\"wordCount\":283,\"publisher\":{\"@id\":\"https:\/\/www.ff-ab.se\/en\/#organization\"},\"image\":{\"@id\":\"https:\/\/www.ff-ab.se\/en\/fastighetsforadlarna-i-malardalen-establishes-itself-in-karlstad\/#primaryimage\"},\"thumbnailUrl\":\"https:\/\/www.ff-ab.se\/wp-content\/uploads\/2021\/11\/Karlstad_genrebild_3.jpg\",\"articleSection\":[\"News\",\"Okategoriserad\"],\"inLanguage\":\"en-US\"},{\"@type\":\"WebPage\",\"@id\":\"https:\/\/www.ff-ab.se\/en\/fastighetsforadlarna-i-malardalen-establishes-itself-in-karlstad\/\",\"url\":\"https:\/\/www.ff-ab.se\/en\/fastighetsforadlarna-i-malardalen-establishes-itself-in-karlstad\/\",\"name\":\"Fastighetsf\u00f6r\u00e4dlarna i M\u00e4lardalen establishes itself in Karlstad. - FFAB\",\"isPartOf\":{\"@id\":\"https:\/\/www.ff-ab.se\/en\/#website\"},\"primaryImageOfPage\":{\"@id\":\"https:\/\/www.ff-ab.se\/en\/fastighetsforadlarna-i-malardalen-establishes-itself-in-karlstad\/#primaryimage\"},\"image\":{\"@id\":\"https:\/\/www.ff-ab.se\/en\/fastighetsforadlarna-i-malardalen-establishes-itself-in-karlstad\/#primaryimage\"},\"thumbnailUrl\":\"https:\/\/www.ff-ab.se\/wp-content\/uploads\/2021\/11\/Karlstad_genrebild_3.jpg\",\"datePublished\":\"2021-11-02T10:40:35+00:00\",\"dateModified\":\"2023-07-04T13:51:21+00:00\",\"description\":\"FFAB enters new territory beyond M\u00e4lardalen. In Karlstad, a project property with about 110 rental apartments is being built, according to the detailed plan.\",\"breadcrumb\":{\"@id\":\"https:\/\/www.ff-ab.se\/en\/fastighetsforadlarna-i-malardalen-establishes-itself-in-karlstad\/#breadcrumb\"},\"inLanguage\":\"en-US\",\"potentialAction\":[{\"@type\":\"ReadAction\",\"target\":[\"https:\/\/www.ff-ab.se\/en\/fastighetsforadlarna-i-malardalen-establishes-itself-in-karlstad\/\"]}]},{\"@type\":\"ImageObject\",\"inLanguage\":\"en-US\",\"@id\":\"https:\/\/www.ff-ab.se\/en\/fastighetsforadlarna-i-malardalen-establishes-itself-in-karlstad\/#primaryimage\",\"url\":\"https:\/\/www.ff-ab.se\/wp-content\/uploads\/2021\/11\/Karlstad_genrebild_3.jpg\",\"contentUrl\":\"https:\/\/www.ff-ab.se\/wp-content\/uploads\/2021\/11\/Karlstad_genrebild_3.jpg\",\"width\":1350,\"height\":759},{\"@type\":\"BreadcrumbList\",\"@id\":\"https:\/\/www.ff-ab.se\/en\/fastighetsforadlarna-i-malardalen-establishes-itself-in-karlstad\/#breadcrumb\",\"itemListElement\":[{\"@type\":\"ListItem\",\"position\":1,\"name\":\"Home\",\"item\":\"https:\/\/www.ff-ab.se\/en\/\"},{\"@type\":\"ListItem\",\"position\":2,\"name\":\"Fastighetsf\u00f6r\u00e4dlarna i M\u00e4lardalen establishes itself in Karlstad.\"}]},{\"@type\":\"WebSite\",\"@id\":\"https:\/\/www.ff-ab.se\/en\/#website\",\"url\":\"https:\/\/www.ff-ab.se\/en\/\",\"name\":\"FFAB\",\"description\":\"VI SKAPAR ATTRAKTIVA BOST\u00c4DER OCH SAMH\u00c4LLSFASTIGHETER MED FOKUS P\u00c5 FUNKTIONALITET, DESIGN OCH KVALITET.\",\"publisher\":{\"@id\":\"https:\/\/www.ff-ab.se\/en\/#organization\"},\"potentialAction\":[{\"@type\":\"SearchAction\",\"target\":{\"@type\":\"EntryPoint\",\"urlTemplate\":\"https:\/\/www.ff-ab.se\/en\/?s={search_term_string}\"},\"query-input\":{\"@type\":\"PropertyValueSpecification\",\"valueRequired\":true,\"valueName\":\"search_term_string\"}}],\"inLanguage\":\"en-US\"},{\"@type\":\"Organization\",\"@id\":\"https:\/\/www.ff-ab.se\/en\/#organization\",\"name\":\"FFAB\",\"url\":\"https:\/\/www.ff-ab.se\/en\/\",\"logo\":{\"@type\":\"ImageObject\",\"inLanguage\":\"en-US\",\"@id\":\"https:\/\/www.ff-ab.se\/en\/#\/schema\/logo\/image\/\",\"url\":\"https:\/\/www.ff-ab.se\/wp-content\/uploads\/2022\/03\/ffab-logga.png\",\"contentUrl\":\"https:\/\/www.ff-ab.se\/wp-content\/uploads\/2022\/03\/ffab-logga.png\",\"width\":1125,\"height\":515,\"caption\":\"FFAB\"},\"image\":{\"@id\":\"https:\/\/www.ff-ab.se\/en\/#\/schema\/logo\/image\/\"}},{\"@type\":\"Person\",\"@id\":\"https:\/\/www.ff-ab.se\/en\/#\/schema\/person\/b6b3ffb60639376dfd7ec9499c4003e0\",\"name\":\"Stefan Larsson\",\"image\":{\"@type\":\"ImageObject\",\"inLanguage\":\"en-US\",\"@id\":\"https:\/\/www.ff-ab.se\/en\/#\/schema\/person\/image\/\",\"url\":\"https:\/\/secure.gravatar.com\/avatar\/0b43dbab76d6b5be1847ed9530412f71?s=96&d=mm&r=g\",\"contentUrl\":\"https:\/\/secure.gravatar.com\/avatar\/0b43dbab76d6b5be1847ed9530412f71?s=96&d=mm&r=g\",\"caption\":\"Stefan Larsson\"},\"url\":\"https:\/\/www.ff-ab.se\/en\/author\/andrew\/\"}]}<\/script>\n<!-- \/ Yoast SEO plugin. -->","yoast_head_json":{"title":"Fastighetsf\u00f6r\u00e4dlarna i M\u00e4lardalen establishes itself in Karlstad. - FFAB","description":"FFAB enters new territory beyond M\u00e4lardalen. In Karlstad, a project property with about 110 rental apartments is being built, according to the detailed plan.","robots":{"index":"index","follow":"follow","max-snippet":"max-snippet:-1","max-image-preview":"max-image-preview:large","max-video-preview":"max-video-preview:-1"},"canonical":"https:\/\/www.ff-ab.se\/en\/fastighetsforadlarna-i-malardalen-establishes-itself-in-karlstad\/","og_locale":"en_US","og_type":"article","og_title":"Fastighetsf\u00f6r\u00e4dlarna i M\u00e4lardalen establishes itself in Karlstad. - FFAB","og_description":"FFAB enters new territory beyond M\u00e4lardalen. In Karlstad, a project property with about 110 rental apartments is being built, according to the detailed plan.","og_url":"https:\/\/www.ff-ab.se\/en\/fastighetsforadlarna-i-malardalen-establishes-itself-in-karlstad\/","og_site_name":"FFAB","article_published_time":"2021-11-02T10:40:35+00:00","article_modified_time":"2023-07-04T13:51:21+00:00","og_image":[{"width":1350,"height":759,"url":"https:\/\/www.ff-ab.se\/wp-content\/uploads\/2021\/11\/Karlstad_genrebild_3.jpg","type":"image\/jpeg"}],"author":"Stefan Larsson","twitter_card":"summary_large_image","twitter_misc":{"Written by":"Stefan Larsson","Est. reading time":"1 minute"},"schema":{"@context":"https:\/\/schema.org","@graph":[{"@type":"Article","@id":"https:\/\/www.ff-ab.se\/en\/fastighetsforadlarna-i-malardalen-establishes-itself-in-karlstad\/#article","isPartOf":{"@id":"https:\/\/www.ff-ab.se\/en\/fastighetsforadlarna-i-malardalen-establishes-itself-in-karlstad\/"},"author":{"name":"Stefan Larsson","@id":"https:\/\/www.ff-ab.se\/en\/#\/schema\/person\/b6b3ffb60639376dfd7ec9499c4003e0"},"headline":"Fastighetsf\u00f6r\u00e4dlarna i M\u00e4lardalen establishes itself in Karlstad.","datePublished":"2021-11-02T10:40:35+00:00","dateModified":"2023-07-04T13:51:21+00:00","mainEntityOfPage":{"@id":"https:\/\/www.ff-ab.se\/en\/fastighetsforadlarna-i-malardalen-establishes-itself-in-karlstad\/"},"wordCount":283,"publisher":{"@id":"https:\/\/www.ff-ab.se\/en\/#organization"},"image":{"@id":"https:\/\/www.ff-ab.se\/en\/fastighetsforadlarna-i-malardalen-establishes-itself-in-karlstad\/#primaryimage"},"thumbnailUrl":"https:\/\/www.ff-ab.se\/wp-content\/uploads\/2021\/11\/Karlstad_genrebild_3.jpg","articleSection":["News","Okategoriserad"],"inLanguage":"en-US"},{"@type":"WebPage","@id":"https:\/\/www.ff-ab.se\/en\/fastighetsforadlarna-i-malardalen-establishes-itself-in-karlstad\/","url":"https:\/\/www.ff-ab.se\/en\/fastighetsforadlarna-i-malardalen-establishes-itself-in-karlstad\/","name":"Fastighetsf\u00f6r\u00e4dlarna i M\u00e4lardalen establishes itself in Karlstad. - FFAB","isPartOf":{"@id":"https:\/\/www.ff-ab.se\/en\/#website"},"primaryImageOfPage":{"@id":"https:\/\/www.ff-ab.se\/en\/fastighetsforadlarna-i-malardalen-establishes-itself-in-karlstad\/#primaryimage"},"image":{"@id":"https:\/\/www.ff-ab.se\/en\/fastighetsforadlarna-i-malardalen-establishes-itself-in-karlstad\/#primaryimage"},"thumbnailUrl":"https:\/\/www.ff-ab.se\/wp-content\/uploads\/2021\/11\/Karlstad_genrebild_3.jpg","datePublished":"2021-11-02T10:40:35+00:00","dateModified":"2023-07-04T13:51:21+00:00","description":"FFAB enters new territory beyond M\u00e4lardalen. In Karlstad, a project property with about 110 rental apartments is being built, according to the detailed plan.","breadcrumb":{"@id":"https:\/\/www.ff-ab.se\/en\/fastighetsforadlarna-i-malardalen-establishes-itself-in-karlstad\/#breadcrumb"},"inLanguage":"en-US","potentialAction":[{"@type":"ReadAction","target":["https:\/\/www.ff-ab.se\/en\/fastighetsforadlarna-i-malardalen-establishes-itself-in-karlstad\/"]}]},{"@type":"ImageObject","inLanguage":"en-US","@id":"https:\/\/www.ff-ab.se\/en\/fastighetsforadlarna-i-malardalen-establishes-itself-in-karlstad\/#primaryimage","url":"https:\/\/www.ff-ab.se\/wp-content\/uploads\/2021\/11\/Karlstad_genrebild_3.jpg","contentUrl":"https:\/\/www.ff-ab.se\/wp-content\/uploads\/2021\/11\/Karlstad_genrebild_3.jpg","width":1350,"height":759},{"@type":"BreadcrumbList","@id":"https:\/\/www.ff-ab.se\/en\/fastighetsforadlarna-i-malardalen-establishes-itself-in-karlstad\/#breadcrumb","itemListElement":[{"@type":"ListItem","position":1,"name":"Home","item":"https:\/\/www.ff-ab.se\/en\/"},{"@type":"ListItem","position":2,"name":"Fastighetsf\u00f6r\u00e4dlarna i M\u00e4lardalen establishes itself in Karlstad."}]},{"@type":"WebSite","@id":"https:\/\/www.ff-ab.se\/en\/#website","url":"https:\/\/www.ff-ab.se\/en\/","name":"FFAB","description":"VI SKAPAR ATTRAKTIVA BOST\u00c4DER OCH SAMH\u00c4LLSFASTIGHETER MED FOKUS P\u00c5 FUNKTIONALITET, DESIGN OCH KVALITET.","publisher":{"@id":"https:\/\/www.ff-ab.se\/en\/#organization"},"potentialAction":[{"@type":"SearchAction","target":{"@type":"EntryPoint","urlTemplate":"https:\/\/www.ff-ab.se\/en\/?s={search_term_string}"},"query-input":{"@type":"PropertyValueSpecification","valueRequired":true,"valueName":"search_term_string"}}],"inLanguage":"en-US"},{"@type":"Organization","@id":"https:\/\/www.ff-ab.se\/en\/#organization","name":"FFAB","url":"https:\/\/www.ff-ab.se\/en\/","logo":{"@type":"ImageObject","inLanguage":"en-US","@id":"https:\/\/www.ff-ab.se\/en\/#\/schema\/logo\/image\/","url":"https:\/\/www.ff-ab.se\/wp-content\/uploads\/2022\/03\/ffab-logga.png","contentUrl":"https:\/\/www.ff-ab.se\/wp-content\/uploads\/2022\/03\/ffab-logga.png","width":1125,"height":515,"caption":"FFAB"},"image":{"@id":"https:\/\/www.ff-ab.se\/en\/#\/schema\/logo\/image\/"}},{"@type":"Person","@id":"https:\/\/www.ff-ab.se\/en\/#\/schema\/person\/b6b3ffb60639376dfd7ec9499c4003e0","name":"Stefan Larsson","image":{"@type":"ImageObject","inLanguage":"en-US","@id":"https:\/\/www.ff-ab.se\/en\/#\/schema\/person\/image\/","url":"https:\/\/secure.gravatar.com\/avatar\/0b43dbab76d6b5be1847ed9530412f71?s=96&d=mm&r=g","contentUrl":"https:\/\/secure.gravatar.com\/avatar\/0b43dbab76d6b5be1847ed9530412f71?s=96&d=mm&r=g","caption":"Stefan Larsson"},"url":"https:\/\/www.ff-ab.se\/en\/author\/andrew\/"}]}},"uagb_featured_image_src":{"full":["https:\/\/www.ff-ab.se\/wp-content\/uploads\/2021\/11\/Karlstad_genrebild_3.jpg",1350,759,false],"thumbnail":["https:\/\/www.ff-ab.se\/wp-content\/uploads\/2021\/11\/Karlstad_genrebild_3-150x150.jpg",150,150,true],"medium":["https:\/\/www.ff-ab.se\/wp-content\/uploads\/2021\/11\/Karlstad_genrebild_3-300x169.jpg",300,169,true],"medium_large":["https:\/\/www.ff-ab.se\/wp-content\/uploads\/2021\/11\/Karlstad_genrebild_3-768x432.jpg",768,432,true],"large":["https:\/\/www.ff-ab.se\/wp-content\/uploads\/2021\/11\/Karlstad_genrebild_3-1024x576.jpg",1024,576,true],"1536x1536":["https:\/\/www.ff-ab.se\/wp-content\/uploads\/2021\/11\/Karlstad_genrebild_3.jpg",1350,759,false],"2048x2048":["https:\/\/www.ff-ab.se\/wp-content\/uploads\/2021\/11\/Karlstad_genrebild_3.jpg",1350,759,false]},"uagb_author_info":{"display_name":"Stefan Larsson","author_link":"https:\/\/www.ff-ab.se\/en\/author\/andrew\/"},"uagb_comment_info":0,"uagb_excerpt":null,"_links":{"self":[{"href":"https:\/\/www.ff-ab.se\/en\/wp-json\/wp\/v2\/posts\/3462","targetHints":{"allow":["GET"]}}],"collection":[{"href":"https:\/\/www.ff-ab.se\/en\/wp-json\/wp\/v2\/posts"}],"about":[{"href":"https:\/\/www.ff-ab.se\/en\/wp-json\/wp\/v2\/types\/post"}],"author":[{"embeddable":true,"href":"https:\/\/www.ff-ab.se\/en\/wp-json\/wp\/v2\/users\/5"}],"replies":[{"embeddable":true,"href":"https:\/\/www.ff-ab.se\/en\/wp-json\/wp\/v2\/comments?post=3462"}],"version-history":[{"count":4,"href":"https:\/\/www.ff-ab.se\/en\/wp-json\/wp\/v2\/posts\/3462\/revisions"}],"predecessor-version":[{"id":4119,"href":"https:\/\/www.ff-ab.se\/en\/wp-json\/wp\/v2\/posts\/3462\/revisions\/4119"}],"wp:featuredmedia":[{"embeddable":true,"href":"https:\/\/www.ff-ab.se\/en\/wp-json\/wp\/v2\/media\/3249"}],"wp:attachment":[{"href":"https:\/\/www.ff-ab.se\/en\/wp-json\/wp\/v2\/media?parent=3462"}],"wp:term":[{"taxonomy":"category","embeddable":true,"href":"https:\/\/www.ff-ab.se\/en\/wp-json\/wp\/v2\/categories?post=3462"},{"taxonomy":"post_tag","embeddable":true,"href":"https:\/\/www.ff-ab.se\/en\/wp-json\/wp\/v2\/tags?post=3462"}],"curies":[{"name":"wp","href":"https:\/\/api.w.org\/{rel}","templated":true}]}}